{"id":92259,"date":"2021-12-29T20:17:06","date_gmt":"2021-12-29T19:17:06","guid":{"rendered":"http:\/\/www.messinaoggi.it\/website\/?p=92259"},"modified":"2021-12-29T20:19:02","modified_gmt":"2021-12-29T19:19:02","slug":"filt-cgil-e-uiltrasporti-atm-assume-tagliando-tutele-contrattuali","status":"publish","type":"post","link":"https:\/\/www.messinaoggi.it\/website\/2021\/12\/29\/filt-cgil-e-uiltrasporti-atm-assume-tagliando-tutele-contrattuali\/","title":{"rendered":"Filt\/Cgil e Uiltrasporti: &#8220;Atm assume tagliando tutele contrattuali&#8221;"},"content":{"rendered":"\n<p>Non si \u00e8 fatta attendere la replica di Filt\/Cgil e Uiltrasporti sulle assunzioni di Atm. &#8220;In merito al comunicato diramato da Atm Spa circa le prossime nuove assunzioni di 15 operai evidenziamo che l\u2019inserimento di nuovo personale \u00e8 da considerare come un fatto positivo e che come Filt Cgil e Uiltrasporti abbiamo pi\u00f9 volte ribadito la necessit\u00e0 dell\u2019unicit\u00e0 del trattamento contrattuale Autoferro per tutto il personale all\u2019interno dell\u2019azienda, intesa richiamata negli accordi vigenti a livello nazionale tra le parti. Le deroghe con accordi di prossimit\u00e0 oggi richiesti da Atm Spa &#8211; continuano Filt Cgil e Uiltrasporti &#8211; possono perseguire fini quali la maggiore occupazione, tuttavia non siamo di fronte ad un&#8217;azienda in situazione di crisi economica o occupazionale, che richiederebbe accordi in deroga n\u00e8 di fronte all\u2019avvio di nuove attivit\u00e0 da internalizzare, ma di 15 assunzioni per figure e attivit\u00e0 gi\u00e0 svolte all\u2019interno di Atm Spa e per le quali si deve applicare il contratto di categoria senza deroghe immotivate. Cos\u00ec facendo si potrebbe a cuor leggero &#8211; concludono i sindacati &#8211; solo una immotivata discriminazione tra lavoratori, di serie A e di serie B e un precedente che abbassa le tutele contrattuali in azienda senza i necessari presupposti richiesti alla legge 148\/2011. Per tale motivo Filt\/Cgil e Uiltrasporti hanno chiesto alle parti prima di sottoscrivere qualsivoglia accordo di valutare con buon senso risvolti giuridici ed opportunit\u00e0 delle deroghe al contratto nazionale richieste dall\u2019azienda. Alcune parti sindacali e aziendali purtroppo hanno inteso procedere a sottoscrivere deroghe contrattuali con una fretta che giudichiamo immotivata alla luce del fatto che per ben sei mesi questo concorso \u00e8 stato praticamente congelato da Atm Spa&#8221;.<div id=\"div-gpt-ad-Messinaoggi.it-DSK-300x250-corpoart\" style=\"text-align:center;margin:0 auto;\"><\/div><\/p>\n<div id=\"videoincontent\" style=\"clear:both\";><\/div>","protected":false},"excerpt":{"rendered":"<p>Non si \u00e8 fatta attendere la replica di Filt\/Cgil e Uiltrasporti sulle assunzioni di Atm. &#8220;In merito al comunicato diramato da Atm Spa circa le prossime nuove assunzioni di 15 operai evidenziamo che l\u2019inserimento di nuovo personale \u00e8 da considerare come un fatto positivo e che come Filt Cgil e Uiltrasporti abbiamo pi\u00f9 volte ribadito [&hellip;]<\/p>\n","protected":false},"author":4,"featured_media":82326,"comment_status":"open","ping_status":"open","sticky":false,"template":"","format":"standard","meta":{"ub_ctt_via":"","_mi_skip_tracking":false},"categories":[6],"tags":[1004,3768],"featured_image_src":"https:\/\/www.messinaoggi.it\/website\/wp-content\/uploads\/2021\/10\/atm-5-768x576-1.jpg","author_info":{"display_name":"redme","author_link":"https:\/\/www.messinaoggi.it\/website\/author\/redme\/"},"digistream_id":0,"digistream":false,"_links":{"self":[{"href":"https:\/\/www.messinaoggi.it\/website\/wp-json\/wp\/v2\/posts\/92259"}],"collection":[{"href":"https:\/\/www.messinaoggi.it\/website\/wp-json\/wp\/v2\/posts"}],"about":[{"href":"https:\/\/www.messinaoggi.it\/website\/wp-json\/wp\/v2\/types\/post"}],"author":[{"embeddable":true,"href":"https:\/\/www.messinaoggi.it\/website\/wp-json\/wp\/v2\/users\/4"}],"replies":[{"embeddable":true,"href":"https:\/\/www.messinaoggi.it\/website\/wp-json\/wp\/v2\/comments?post=92259"}],"version-history":[{"count":2,"href":"https:\/\/www.messinaoggi.it\/website\/wp-json\/wp\/v2\/posts\/92259\/revisions"}],"predecessor-version":[{"id":92261,"href":"https:\/\/www.messinaoggi.it\/website\/wp-json\/wp\/v2\/posts\/92259\/revisions\/92261"}],"wp:featuredmedia":[{"embeddable":true,"href":"https:\/\/www.messinaoggi.it\/website\/wp-json\/wp\/v2\/media\/82326"}],"wp:attachment":[{"href":"https:\/\/www.messinaoggi.it\/website\/wp-json\/wp\/v2\/media?parent=92259"}],"wp:term":[{"taxonomy":"category","embeddable":true,"href":"https:\/\/www.messinaoggi.it\/website\/wp-json\/wp\/v2\/categories?post=92259"},{"taxonomy":"post_tag","embeddable":true,"href":"https:\/\/www.messinaoggi.it\/website\/wp-json\/wp\/v2\/tags?post=92259"}],"curies":[{"name":"wp","href":"https:\/\/api.w.org\/{rel}","templated":true}]}}