{"id":92216,"date":"2021-12-29T14:08:20","date_gmt":"2021-12-29T13:08:20","guid":{"rendered":"http:\/\/www.messinaoggi.it\/website\/?p=92216"},"modified":"2021-12-29T14:08:48","modified_gmt":"2021-12-29T13:08:48","slug":"allarme-118-casi-gravi-covid-i-non-vaccinati","status":"publish","type":"post","link":"https:\/\/www.messinaoggi.it\/website\/2021\/12\/29\/allarme-118-casi-gravi-covid-i-non-vaccinati\/","title":{"rendered":"Allarme 118: &#8220;Casi gravi Covid i non vaccinati&#8221;"},"content":{"rendered":"\n<p>Sono non vaccinati e hanno un\u2019et\u00e0 compresa tra 35 e 60 anni, i pazienti Covid che chiamano l\u2019ambulanza da casa quando hanno gi\u00e0 febbre alta, tosse forte e difficolt\u00e0 respiratoria acuta. Sono i dati nazionali raccolti dalle centrali operative del 118 con rilevazioni regionali. Il rapporto tra pazienti vaccinati e non vaccinati con sintomatologia clinica grave \u00e8 nelle ultime settimane ripartito: 85% di non vaccinati e 15% di vaccinati. \u201cEvitano l\u2019ospedale e restano a casa fino a quando non riescono a respirare\u201d, spiegano dal 118. I dati forniti dalle rilevazioni regionali sulle persone che chiamano le Centrali operative 118 evidenziano che tra i vaccinati, i pazienti che hanno bisogno di un trasporto di emergenza in ospedale hanno tra i 70 e i 75 anni, specie se soffrono di precedenti patologie croniche respiratorie e cardiovascolari. \u201cIl numero giornaliero elevato e crescente di decessi da Covid, oltre che di malattia grave, deve imporre estrema cautela nel liquidare la variante Omicron come un brutto raffreddore\u201d, afferma il presidente del 118 nazionale Mario Balzanelli. \u201cSi pone un problema di sicurezza nazionale perch\u00e9 il virus non risparmia nessuna fascia di et\u00e0, il vaccino \u00e8 una risorsa salvavita ma non rende immuni \u2013 aggiunge \u2013 il vaccinato, anche dopo la terza dose, pu\u00f2 infettarsi e pu\u00f2 infettare. Tutto questo richiede ai milioni di vaccinati di continuare ad osservare i comportamenti di prevenzione e protezione evitando di sentirsi invulnerabili\u201d. Balzanelli ammonisce a non abbassare la guardia: \u201cLa variante Omicron dati alla mano \u00e8 ovunque. Non solo, la biologia dei coronavirus ci impone di prendere in serissima considerazione che tanto pi\u00f9 elevata \u00e8 la circolazione del virus, altrettanto elevata \u00e8 la possibilit\u00e0 che insorgano nuove varianti\u201d. \u201cPlaudiamo alla decisione del governo di rendere obbligatorio l\u2019utilizzo delle mascherine Ffp2 negli ambienti chiusi \u2013 conclude \u2013 e riteniamo assolutamente indispensabile proteggere con semplici occhiali anche gli occhi, perch\u00e9 il contagio per via oculare avviene anche indossando noi stessi la mascherina\u201d.<div id=\"div-gpt-ad-Messinaoggi.it-DSK-300x250-corpoart\" style=\"text-align:center;margin:0 auto;\"><\/div><\/p>\n<div id=\"videoincontent\" style=\"clear:both\";><\/div>","protected":false},"excerpt":{"rendered":"<p>Sono non vaccinati e hanno un\u2019et\u00e0 compresa tra 35 e 60 anni, i pazienti Covid che chiamano l\u2019ambulanza da casa quando hanno gi\u00e0 febbre alta, tosse forte e difficolt\u00e0 respiratoria acuta. Sono i dati nazionali raccolti dalle centrali operative del 118 con rilevazioni regionali. Il rapporto tra pazienti vaccinati e non vaccinati con sintomatologia clinica [&hellip;]<\/p>\n","protected":false},"author":4,"featured_media":41518,"comment_status":"open","ping_status":"open","sticky":false,"template":"","format":"standard","meta":{"ub_ctt_via":"","_mi_skip_tracking":false},"categories":[221],"tags":[39],"featured_image_src":"https:\/\/www.messinaoggi.it\/website\/wp-content\/uploads\/2020\/03\/2C4FA2A7-B085-4CD2-B2A3-6D8301B4E0E9.jpeg","author_info":{"display_name":"redme","author_link":"https:\/\/www.messinaoggi.it\/website\/author\/redme\/"},"digistream_id":0,"digistream":false,"_links":{"self":[{"href":"https:\/\/www.messinaoggi.it\/website\/wp-json\/wp\/v2\/posts\/92216"}],"collection":[{"href":"https:\/\/www.messinaoggi.it\/website\/wp-json\/wp\/v2\/posts"}],"about":[{"href":"https:\/\/www.messinaoggi.it\/website\/wp-json\/wp\/v2\/types\/post"}],"author":[{"embeddable":true,"href":"https:\/\/www.messinaoggi.it\/website\/wp-json\/wp\/v2\/users\/4"}],"replies":[{"embeddable":true,"href":"https:\/\/www.messinaoggi.it\/website\/wp-json\/wp\/v2\/comments?post=92216"}],"version-history":[{"count":1,"href":"https:\/\/www.messinaoggi.it\/website\/wp-json\/wp\/v2\/posts\/92216\/revisions"}],"predecessor-version":[{"id":92221,"href":"https:\/\/www.messinaoggi.it\/website\/wp-json\/wp\/v2\/posts\/92216\/revisions\/92221"}],"wp:featuredmedia":[{"embeddable":true,"href":"https:\/\/www.messinaoggi.it\/website\/wp-json\/wp\/v2\/media\/41518"}],"wp:attachment":[{"href":"https:\/\/www.messinaoggi.it\/website\/wp-json\/wp\/v2\/media?parent=92216"}],"wp:term":[{"taxonomy":"category","embeddable":true,"href":"https:\/\/www.messinaoggi.it\/website\/wp-json\/wp\/v2\/categories?post=92216"},{"taxonomy":"post_tag","embeddable":true,"href":"https:\/\/www.messinaoggi.it\/website\/wp-json\/wp\/v2\/tags?post=92216"}],"curies":[{"name":"wp","href":"https:\/\/api.w.org\/{rel}","templated":true}]}}