{"id":92203,"date":"2021-12-29T12:07:33","date_gmt":"2021-12-29T11:07:33","guid":{"rendered":"https:\/\/www.messinaoggi.it\/website\/2021\/12\/29\/tabacco-cervesato-jti-italia-centrale-il-dialogo-con-le-istituzioni\/"},"modified":"2021-12-29T12:07:33","modified_gmt":"2021-12-29T11:07:33","slug":"tabacco-cervesato-jti-italia-centrale-il-dialogo-con-le-istituzioni","status":"publish","type":"post","link":"https:\/\/www.messinaoggi.it\/website\/2021\/12\/29\/tabacco-cervesato-jti-italia-centrale-il-dialogo-con-le-istituzioni\/","title":{"rendered":"Tabacco, Cervesato (JTI Italia) \u201cCentrale il dialogo con le istituzioni\u201d"},"content":{"rendered":"<div>ROMA (ITALPRESS) &#8211; &#8220;Il dialogo con le istituzioni \u00e8 centrale per poter pianificare investimenti presenti e futuri e per disegnare insieme, con la collaborazione di tutte le forze presenti sui territori, un futuro sostenibile dal punto di vista ambientale, sociale ed economico per il Paese&#8221;. Lo afferma Gian Luigi Cervesato, presidente e amministratore delegato della Japan Tobacco International Italia, dopo il recente annuncio da parte dell&#8217;azienda dell&#8217;acquisto di 8mila tonnellate di tabacco proveniente dall&#8217;Umbria e dal Veneto. Un investimento importante, da mille tonnellate in pi\u00f9 rispetto all&#8217;anno precedente, annunciato in un momento di grande incertezza per tutto il comparto, chiamato ad affrontare grandi sfide per il prossimo futuro.<br \/>&#8220;In molte occasioni, durante gli scorsi mesi, ci sono giunte all&#8217;orecchio le insicurezze e i timori di aziende e agricoltori preoccupati per il futuro del tabacco in Italia &#8211; commenta Cervesato &#8211; e questa \u00e8 stata la nostra risposta. Come JTI Italia crediamo in questa filiera e nelle persone che, giorno dopo giorno, contribuiscono a farne un&#8217;eccellenza internazionale e siamo certi che con il contributo e la collaborazione delle istituzioni, con le quali il dialogo \u00e8 costante e fondamentale, questa bella storia di successo inaugurata ormai dieci anni fa possa continuare ancora per moltissimi anni in futuro&#8221;.<br \/>La storia tra JTI Italia e la filiera italiana del tabacco, infatti, non \u00e8 nuova. Il rapporto di collaborazione tra le due realt\u00e0 \u00e8 iniziato nel 2012 quando, tra l&#8217;azienda e il territorio umbro e veneto, \u00e8 iniziata una relazione di mutuo scambio che ha visto investiti, da allora, oltre 300 milioni di euro.<br \/>&#8220;Per alcune aree specifiche d&#8217;Italia, come ad esempio quella dell&#8217;Alta Valle del Tevere, il rapporto consolidatosi nel corso degli anni tra l&#8217;azienda e il territorio ha finito per costituire una vera e propria risorsa economica fondamentale, diventando, oltre a un&#8217;eccellenza storica e culturale, anche un volano economico per tutto il comparto&#8221;, si legge in una nota.<br \/>Di recente, l&#8217;impegno dell&#8217;azienda nei confronti della filiera \u00e8 stato rinnovato con l&#8217;annuncio d&#8217;acquisto di 8 mila tonnellate di tabacco, provenienti dal Veneto e, soprattutto, dall&#8217;Umbria. Acquisto per cui l&#8217;azienda ha individuato un nuovo partner commerciale, Deltafina, in grado di assicurare continuit\u00e0 nel rapporto coi territori e di poter prevedere maggiori investimenti per il futuro. Obiettivo: continuare a valorizzare una filiera di rilievo internazionale e i suoi lavoratori e, al contempo, incidere positivamente sullo sviluppo sostenibile di essa, mettendo le persone al primo posto. <br \/>&#8220;La nostra attenzione, come \u00e8 sempre stato, va ai territori e alle persone che lavorano in questa splendida filiera &#8211; conclude Cervesato &#8211; e siamo certi che con il contributo di tutti gli attori coinvolti, aziende, istituzioni e cittadini, il futuro di essa non potr\u00e0 che essere migliore del passato&#8221;.<br \/>(ITALPRESS).<\/div>\n<div id=\"div-gpt-ad-Messinaoggi.it-DSK-300x250-corpoart\" style=\"text-align:center;margin:0 auto;\"><\/div><\/p><div id=\"videoincontent\" style=\"clear:both\";><\/div>","protected":false},"excerpt":{"rendered":"<p>ROMA (ITALPRESS) &#8211; &#8220;Il dialogo con le istituzioni \u00e8 centrale per poter pianificare investimenti presenti e futuri e per disegnare insieme, con la collaborazione di tutte le forze presenti sui territori, un futuro sostenibile dal punto di vista ambientale, sociale ed economico per il Paese&#8221;. Lo afferma Gian Luigi Cervesato, presidente e amministratore delegato della [&hellip;]<\/p>\n","protected":false},"author":18,"featured_media":92204,"comment_status":"closed","ping_status":"closed","sticky":false,"template":"","format":"standard","meta":{"ub_ctt_via":"","_mi_skip_tracking":false},"categories":[446],"tags":[783],"featured_image_src":"https:\/\/www.messinaoggi.it\/website\/wp-content\/uploads\/2021\/12\/20211229_0309.jpg","author_info":{"display_name":"Admin","author_link":"https:\/\/www.messinaoggi.it\/website\/author\/admin\/"},"digistream_id":0,"digistream":false,"_links":{"self":[{"href":"https:\/\/www.messinaoggi.it\/website\/wp-json\/wp\/v2\/posts\/92203"}],"collection":[{"href":"https:\/\/www.messinaoggi.it\/website\/wp-json\/wp\/v2\/posts"}],"about":[{"href":"https:\/\/www.messinaoggi.it\/website\/wp-json\/wp\/v2\/types\/post"}],"author":[{"embeddable":true,"href":"https:\/\/www.messinaoggi.it\/website\/wp-json\/wp\/v2\/users\/18"}],"replies":[{"embeddable":true,"href":"https:\/\/www.messinaoggi.it\/website\/wp-json\/wp\/v2\/comments?post=92203"}],"version-history":[{"count":0,"href":"https:\/\/www.messinaoggi.it\/website\/wp-json\/wp\/v2\/posts\/92203\/revisions"}],"wp:featuredmedia":[{"embeddable":true,"href":"https:\/\/www.messinaoggi.it\/website\/wp-json\/wp\/v2\/media\/92204"}],"wp:attachment":[{"href":"https:\/\/www.messinaoggi.it\/website\/wp-json\/wp\/v2\/media?parent=92203"}],"wp:term":[{"taxonomy":"category","embeddable":true,"href":"https:\/\/www.messinaoggi.it\/website\/wp-json\/wp\/v2\/categories?post=92203"},{"taxonomy":"post_tag","embeddable":true,"href":"https:\/\/www.messinaoggi.it\/website\/wp-json\/wp\/v2\/tags?post=92203"}],"curies":[{"name":"wp","href":"https:\/\/api.w.org\/{rel}","templated":true}]}}