{"id":9216,"date":"2017-10-08T10:17:30","date_gmt":"2017-10-08T08:17:30","guid":{"rendered":"http:\/\/www.messinaoggi.it\/website\/?p=9216"},"modified":"2017-10-08T10:17:30","modified_gmt":"2017-10-08T08:17:30","slug":"semafori-spenti-a-messina-centro-gioveni-segnala-lennesima-disfunzione","status":"publish","type":"post","link":"https:\/\/www.messinaoggi.it\/website\/2017\/10\/08\/semafori-spenti-a-messina-centro-gioveni-segnala-lennesima-disfunzione\/","title":{"rendered":"Semafori spenti a Messina centro, Gioveni segnala l&#039;ennesima disfunzione"},"content":{"rendered":"<div>&#8220;Allo svincolo di Messina Centro a Camaro, l&#8217;importantissimo impianto semaforico \u00e8 andato totalmente in tilt, con conseguente pregiudizio per la pubblica sicurezza&#8221;: \u00e8 quanto segnala preoccupato il consigliere comunale Libero Gioveni che, allertato gi\u00e0 ieri pomeriggio da parecchi cittadini &#8216;vittime&#8217; del guasto e quindi immersi con le loro auto nella pericolosissima intersezione, ha richiesto l&#8217;intervento al dirigente del Dipartimento mobilit\u00e0 urbana e alla centrale operativa della polizia municipale.<\/div>\n<div><\/div>\n<div>Ho verificato io stesso l&#8217;accaduto &#8211; spiega il consigliere che ha prodotto anche delle foto dimostrative &#8211; questo \u00e8 forse l&#8217;incrocio in assoluto pi\u00f9 pericoloso in assenza di semafori funzionanti, in quanto lo sfrecciare dei veicoli in salita e in discesa dallo svincolo, rischia di infrangersi con il traffico bidirezionale dei tanti mezzi da e per i controviali adiacenti.<\/div>\n<div><\/div>\n<div>Auspico &#8211; conclude Gioveni &#8211; un intervento celere di ripristino dell&#8217;impianto semaforico prima che l&#8217;ingresso dello svincolo di Messina centro possa diventare teatro di incidenti e far parlare di s\u00e8 come purtroppo ultimamente ci ha abituati&#8221;.<\/div>\n<div id=\"div-gpt-ad-Messinaoggi.it-DSK-300x250-corpoart\" style=\"text-align:center;margin:0 auto;\"><\/div><\/p><div id=\"videoincontent\" style=\"clear:both\";><\/div>","protected":false},"excerpt":{"rendered":"<p>&#8220;Allo svincolo di Messina Centro a Camaro, l&#8217;importantissimo impianto semaforico \u00e8 andato totalmente in tilt, con conseguente pregiudizio per la pubblica sicurezza&#8221;: \u00e8 quanto segnala preoccupato il consigliere comunale Libero Gioveni che, allertato gi\u00e0 ieri pomeriggio da parecchi cittadini &#8216;vittime&#8217; del guasto e quindi immersi con le loro auto nella pericolosissima intersezione, ha richiesto l&#8217;intervento [&hellip;]<\/p>\n","protected":false},"author":2,"featured_media":9217,"comment_status":"closed","ping_status":"open","sticky":false,"template":"","format":"standard","meta":{"ub_ctt_via":"","_mi_skip_tracking":false},"categories":[6],"tags":[],"featured_image_src":"https:\/\/www.messinaoggi.it\/website\/wp-content\/uploads\/2017\/10\/semaforo-spento-messina-centro.jpg","author_info":{"display_name":"Redazione","author_link":"https:\/\/www.messinaoggi.it\/website\/author\/redazione\/"},"digistream_id":0,"digistream":false,"_links":{"self":[{"href":"https:\/\/www.messinaoggi.it\/website\/wp-json\/wp\/v2\/posts\/9216"}],"collection":[{"href":"https:\/\/www.messinaoggi.it\/website\/wp-json\/wp\/v2\/posts"}],"about":[{"href":"https:\/\/www.messinaoggi.it\/website\/wp-json\/wp\/v2\/types\/post"}],"author":[{"embeddable":true,"href":"https:\/\/www.messinaoggi.it\/website\/wp-json\/wp\/v2\/users\/2"}],"replies":[{"embeddable":true,"href":"https:\/\/www.messinaoggi.it\/website\/wp-json\/wp\/v2\/comments?post=9216"}],"version-history":[{"count":0,"href":"https:\/\/www.messinaoggi.it\/website\/wp-json\/wp\/v2\/posts\/9216\/revisions"}],"wp:featuredmedia":[{"embeddable":true,"href":"https:\/\/www.messinaoggi.it\/website\/wp-json\/wp\/v2\/media\/9217"}],"wp:attachment":[{"href":"https:\/\/www.messinaoggi.it\/website\/wp-json\/wp\/v2\/media?parent=9216"}],"wp:term":[{"taxonomy":"category","embeddable":true,"href":"https:\/\/www.messinaoggi.it\/website\/wp-json\/wp\/v2\/categories?post=9216"},{"taxonomy":"post_tag","embeddable":true,"href":"https:\/\/www.messinaoggi.it\/website\/wp-json\/wp\/v2\/tags?post=9216"}],"curies":[{"name":"wp","href":"https:\/\/api.w.org\/{rel}","templated":true}]}}