{"id":9212,"date":"2017-10-08T09:31:33","date_gmt":"2017-10-08T07:31:33","guid":{"rendered":"http:\/\/www.messinaoggi.it\/website\/?p=9212"},"modified":"2017-10-08T09:31:33","modified_gmt":"2017-10-08T07:31:33","slug":"eccellenza-citta-di-messina-ospite-dello-sporting-adrano","status":"publish","type":"post","link":"https:\/\/www.messinaoggi.it\/website\/2017\/10\/08\/eccellenza-citta-di-messina-ospite-dello-sporting-adrano\/","title":{"rendered":"Eccellenza, Citt\u00e0 di Messina ospite dello Sporting Adrano"},"content":{"rendered":"<div style=\"text-align: justify\">\nUn Citt\u00e0 di Messina col morale alto, dopo lo sgambetto ai danni del Giarre capolista nel girone B di Eccellenza, \u00e8 pronto all&#8217;odierna trasferta sul campo dello Sporting Adrano per dare continuit\u00e0 alla propria serie positiva.\n<\/div>\n<div style=\"text-align: justify\">\nLa sqadra, guidata dal tecnico Giuseppe Furnari, questa mattina ha concluso la seduta di rifinitura sul sintetico del Garden Sport. Agli indisponibili Dino Bill\u00e8 e Manuel Maisano, si \u00e8 aggiunto Davide Leo, bloccato in settimana da una noia muscolare. Recupera invece il centrocampista Peppe Costa.\n<\/div>\n<div style=\"text-align: justify\">\nEcco la lista dei 22 convocati.\n<\/div>\n<div style=\"text-align: justify\">\n<b>Portieri<\/b>:\u00a0 Paterniti, A. Maisano.\n<\/div>\n<div style=\"text-align: justify\">\n<b>Difensori<\/b>: Fragapane, Bombara, S. Leo,\u00a0 Porcino, Filistad.\n<\/div>\n<div style=\"text-align: justify\">\n<b>Centrocampisti<\/b>: Calcagno, Silvestri, Ginag\u00f2, Di Stefano, Cardia, Quintoni, Alessandro, Libro, Costa.\n<\/div>\n<div style=\"text-align: justify\">\n<b>Attaccanti<\/b>:\u00a0La Corte, Genovese, Mastroieni, Ras\u00e0, Codagnone, Di Vincenzo.\n<\/div>\n<div style=\"text-align: justify\">\nSporting Adrano-Citt\u00e0 di Messina sar\u00e0 arbitrata da Francesco Galioto della sezione di Siracusa, assistito da Filippo Luca Scannella e Alessandro Gennuso, entrambi di Caltanissetta.<br \/>\n<strong>Nella foto tratta da www.cittadimessina.com, il centrocampista Giuseppe Costa assieme al dg Cardullo e al presidente Lo Re<\/strong>\n<\/div>\n<div id=\"div-gpt-ad-Messinaoggi.it-DSK-300x250-corpoart\" style=\"text-align:center;margin:0 auto;\"><\/div><\/p><div id=\"videoincontent\" style=\"clear:both\";><\/div>","protected":false},"excerpt":{"rendered":"<p>Un Citt\u00e0 di Messina col morale alto, dopo lo sgambetto ai danni del Giarre capolista nel girone B di Eccellenza, \u00e8 pronto all&#8217;odierna trasferta sul campo dello Sporting Adrano per dare continuit\u00e0 alla propria serie positiva. La sqadra, guidata dal tecnico Giuseppe Furnari, questa mattina ha concluso la seduta di rifinitura sul sintetico del Garden [&hellip;]<\/p>\n","protected":false},"author":9,"featured_media":6575,"comment_status":"closed","ping_status":"open","sticky":false,"template":"","format":"standard","meta":{"ub_ctt_via":"","_mi_skip_tracking":false},"categories":[10,9],"tags":[],"featured_image_src":"https:\/\/www.messinaoggi.it\/website\/wp-content\/uploads\/2017\/08\/Cardullo-Costa-Lo-Re-300x149-3.jpg","author_info":{"display_name":"Roberto Santoro","author_link":"https:\/\/www.messinaoggi.it\/website\/author\/r-santoro\/"},"digistream_id":0,"digistream":false,"_links":{"self":[{"href":"https:\/\/www.messinaoggi.it\/website\/wp-json\/wp\/v2\/posts\/9212"}],"collection":[{"href":"https:\/\/www.messinaoggi.it\/website\/wp-json\/wp\/v2\/posts"}],"about":[{"href":"https:\/\/www.messinaoggi.it\/website\/wp-json\/wp\/v2\/types\/post"}],"author":[{"embeddable":true,"href":"https:\/\/www.messinaoggi.it\/website\/wp-json\/wp\/v2\/users\/9"}],"replies":[{"embeddable":true,"href":"https:\/\/www.messinaoggi.it\/website\/wp-json\/wp\/v2\/comments?post=9212"}],"version-history":[{"count":0,"href":"https:\/\/www.messinaoggi.it\/website\/wp-json\/wp\/v2\/posts\/9212\/revisions"}],"wp:featuredmedia":[{"embeddable":true,"href":"https:\/\/www.messinaoggi.it\/website\/wp-json\/wp\/v2\/media\/6575"}],"wp:attachment":[{"href":"https:\/\/www.messinaoggi.it\/website\/wp-json\/wp\/v2\/media?parent=9212"}],"wp:term":[{"taxonomy":"category","embeddable":true,"href":"https:\/\/www.messinaoggi.it\/website\/wp-json\/wp\/v2\/categories?post=9212"},{"taxonomy":"post_tag","embeddable":true,"href":"https:\/\/www.messinaoggi.it\/website\/wp-json\/wp\/v2\/tags?post=9212"}],"curies":[{"name":"wp","href":"https:\/\/api.w.org\/{rel}","templated":true}]}}