{"id":9206,"date":"2017-10-08T09:15:02","date_gmt":"2017-10-08T07:15:02","guid":{"rendered":"http:\/\/www.messinaoggi.it\/website\/?p=9206"},"modified":"2017-10-08T09:15:02","modified_gmt":"2017-10-08T07:15:02","slug":"eccellenza-oggi-a-capo-dorlando-citta-di-s-agata-camaro","status":"publish","type":"post","link":"https:\/\/www.messinaoggi.it\/website\/2017\/10\/08\/eccellenza-oggi-a-capo-dorlando-citta-di-s-agata-camaro\/","title":{"rendered":"Eccellenza, oggi a Capo d&#039;Orlando Citt\u00e0 di S.Agata-Camaro"},"content":{"rendered":"<p style=\"text-align: justify\"><span class=\"linktestonews\">Citt\u00e0 di S.Agata-Camaro, atto terzo. A soli quattro giorni dal retour-match di Coppa Italia del &#8220;Marullo&#8221;, dove l&#8217;hanno spuntata i tirrenici ai rigori, riecco un altro incrocio tra le due formazioni stavolta al &#8220;Ciccinio Micale&#8221; di Capo d&#8217;Orlando, dimora casalinga dei santagatesi.\u00a0 <\/span><div id=\"div-gpt-ad-Messinaoggi.it-DSK-300x250-corpoart\" style=\"text-align:center;margin:0 auto;\"><\/div><\/p>\n<p style=\"text-align: justify\"><span class=\"linktestonews\">Il duo tecnico del Camaro, composto dal mister Filippo Romeo e dal preparatore atletico Lillo Tracuzzi, non potr\u00e0 disporre del capitano Alberto Cappello, del fantasista Daniele Ancione, ancora alla prese con il problema muscolare accusato nell&#8217;ultimo match di campionato, e dei giovani Angelo Falcone e Andrea Visconti,\u00a0 non ancora recuperati. Torna, invece, a disposizione Roberto Assenzio, tenuto precauzionalmente a riposo mercoled\u00ec. <\/span><div id=\"videoincontent\" style=\"clear:both\";><\/div><\/p>\n<p style=\"text-align: justify\"><span class=\"linktestonews\">Rispetto all&#8217;ultimo incontro di campionato, al rientro anche il difensore Daniele Morabito, che ha scontato un turno di squalifica. Sono ventuno i calciatori convocati\u00a0 per la sfida di oggi pomeriggio. Sar\u00e0 Fabio Saputo della sezione di Palermo a dirigere Citt\u00e0 di S.Agata-Camaro, coadiuvato dagli assistenti Massimo Falzone e Mario Grasso, entrambi della sezione di Acireale.<\/span><\/p>\n<p style=\"text-align: justify\"><span class=\"linktestonews\">Di seguito i 21 convocati del Camaro.<br \/>\n<strong>Portieri<\/strong>: Alfredo Giorgianni, Ivan Mannino.<br \/>\n<strong>Difensori<\/strong>: Fabio Campo, Roberto Ceccio, Alberto Mondello, Daniele Morabito, Francesco Munaf\u00f2, Davide Pettinato.<br \/>\n<strong>Centrocampisti<\/strong>: Roberto Assenzio, Alessandro Bonamonte, Daniele D&#8217;Amico, Gianluca Gazz\u00e8, Emanuele Muscar\u00e0, Francesco Spoto, Ruben Zappal\u00e0.<br \/>\n<strong>Attaccanti<\/strong>: Roberto Brigand\u00ec, Marco Paludetti, Daniele Pantano, Pasquale Princi, Piero Sturniolo, Michele Velardi.<\/span><\/p>\n<p><strong>Nella foto Lillo Tracuzzi, preparatore atletico del Camaro (scatto tratto da www.camaro1969.it)<\/strong><\/p>\n","protected":false},"excerpt":{"rendered":"<p>Citt\u00e0 di S.Agata-Camaro, atto terzo. A soli quattro giorni dal retour-match di Coppa Italia del &#8220;Marullo&#8221;, dove l&#8217;hanno spuntata i tirrenici ai rigori, riecco un altro incrocio tra le due formazioni stavolta al &#8220;Ciccinio Micale&#8221; di Capo d&#8217;Orlando, dimora casalinga dei santagatesi.\u00a0 Il duo tecnico del Camaro, composto dal mister Filippo Romeo e dal preparatore [&hellip;]<\/p>\n","protected":false},"author":9,"featured_media":5294,"comment_status":"closed","ping_status":"open","sticky":false,"template":"","format":"standard","meta":{"ub_ctt_via":"","_mi_skip_tracking":false},"categories":[10,9],"tags":[],"featured_image_src":"https:\/\/www.messinaoggi.it\/website\/wp-content\/uploads\/2017\/07\/Tracuzzi-Lillo-prep.atl_.-2.jpg","author_info":{"display_name":"Roberto Santoro","author_link":"https:\/\/www.messinaoggi.it\/website\/author\/r-santoro\/"},"digistream_id":0,"digistream":false,"_links":{"self":[{"href":"https:\/\/www.messinaoggi.it\/website\/wp-json\/wp\/v2\/posts\/9206"}],"collection":[{"href":"https:\/\/www.messinaoggi.it\/website\/wp-json\/wp\/v2\/posts"}],"about":[{"href":"https:\/\/www.messinaoggi.it\/website\/wp-json\/wp\/v2\/types\/post"}],"author":[{"embeddable":true,"href":"https:\/\/www.messinaoggi.it\/website\/wp-json\/wp\/v2\/users\/9"}],"replies":[{"embeddable":true,"href":"https:\/\/www.messinaoggi.it\/website\/wp-json\/wp\/v2\/comments?post=9206"}],"version-history":[{"count":0,"href":"https:\/\/www.messinaoggi.it\/website\/wp-json\/wp\/v2\/posts\/9206\/revisions"}],"wp:featuredmedia":[{"embeddable":true,"href":"https:\/\/www.messinaoggi.it\/website\/wp-json\/wp\/v2\/media\/5294"}],"wp:attachment":[{"href":"https:\/\/www.messinaoggi.it\/website\/wp-json\/wp\/v2\/media?parent=9206"}],"wp:term":[{"taxonomy":"category","embeddable":true,"href":"https:\/\/www.messinaoggi.it\/website\/wp-json\/wp\/v2\/categories?post=9206"},{"taxonomy":"post_tag","embeddable":true,"href":"https:\/\/www.messinaoggi.it\/website\/wp-json\/wp\/v2\/tags?post=9206"}],"curies":[{"name":"wp","href":"https:\/\/api.w.org\/{rel}","templated":true}]}}