{"id":920,"date":"2017-05-29T14:58:33","date_gmt":"2017-05-29T12:58:33","guid":{"rendered":"http:\/\/www.messinaoggi.it\/website\/?p=920"},"modified":"2017-05-29T14:58:33","modified_gmt":"2017-05-29T12:58:33","slug":"grande-successo-per-il-primo-festival-degli-aquiloni-a-capo-peloro","status":"publish","type":"post","link":"https:\/\/www.messinaoggi.it\/website\/2017\/05\/29\/grande-successo-per-il-primo-festival-degli-aquiloni-a-capo-peloro\/","title":{"rendered":"Grande successo per il primo festival degli aquiloni a Capo Peloro"},"content":{"rendered":"<p>La spiaggia sotto il pilone, chiamata la punta, domenica 30 Aprile, \u00e8 stata invasa da famiglie ma anche da giovani e giovanissimi che con il naso all&#8217; ins\u00f9 hanno assistito allo spettacolare volo di piccoli e grandi aquiloni colorati.<br \/>\n<img loading=\"lazy\" src=\"http:\/\/www.messinaoggi.eu\/uploads\/redazione\/aquiloni2.jpg\" alt=\"\" width=\"500\" height=\"333\" \/><br \/>\nLa giornata \u00e8 stata agevolata dal clima mite e dal vento tiepido che hanno reso possibile realizzare un evento semplice ma spettacolare che ha previsto tantissime attivit\u00e0 ed attrazioni: aquilonismo e libert\u00e0 nelle esibizioni aeree anche in notturna, laboratori didattici per la costruzione di aquiloni insieme a &#8220;Il faro del riciclo&#8221;, le sculture di ferro del maestro Fabio Pilato, il laboratorio artistico con gli origami di Andrea Soffli, punti ristoro con spazi gastronomici, mercatini tematici con artigianato di qualit\u00e0 ed un gazebo interamente dedicato a &#8220;Le storie di Nonno Peloro&#8221; insieme all&#8217;autrice Grazia La Fauci.<br \/>\nInoltre a parte il divertimento, si \u00e8 affrontato un tema importante ed essenziale, si \u00e8 infatti lanciata la campagna di sensibilizzazione ambientale &#8220;Ambientiamoci a Capo Peloro&#8221; che, tra maggio e giugno, vedr\u00e0 impegnati i volontari della Pro Loco insieme a chiunque vorr\u00e0 unirsi, in favore della tutela delle spiagge e dei luoghi caratteristici nella riserva: primo appuntamento, il 14 maggio per una passeggiata ecologica intorno al lago di Ganzirri.<br \/>\n<strong>Valentina Salvo<\/strong><div id=\"div-gpt-ad-Messinaoggi.it-DSK-300x250-corpoart\" style=\"text-align:center;margin:0 auto;\"><\/div><\/p>\n<div id=\"videoincontent\" style=\"clear:both\";><\/div>","protected":false},"excerpt":{"rendered":"<p>La spiaggia sotto il pilone, chiamata la punta, domenica 30 Aprile, \u00e8 stata invasa da famiglie ma anche da giovani e giovanissimi che con il naso all&#8217; ins\u00f9 hanno assistito allo spettacolare volo di piccoli e grandi aquiloni colorati. La giornata \u00e8 stata agevolata dal clima mite e dal vento tiepido che hanno reso possibile [&hellip;]<\/p>\n","protected":false},"author":5,"featured_media":921,"comment_status":"closed","ping_status":"open","sticky":false,"template":"","format":"standard","meta":{"ub_ctt_via":"","_mi_skip_tracking":false},"categories":[17],"tags":[],"featured_image_src":"https:\/\/www.messinaoggi.it\/website\/wp-content\/uploads\/2017\/05\/aquiloniii-2.jpg","author_info":{"display_name":"Maria Antonella Saia","author_link":"https:\/\/www.messinaoggi.it\/website\/author\/m-saia\/"},"digistream_id":0,"digistream":false,"_links":{"self":[{"href":"https:\/\/www.messinaoggi.it\/website\/wp-json\/wp\/v2\/posts\/920"}],"collection":[{"href":"https:\/\/www.messinaoggi.it\/website\/wp-json\/wp\/v2\/posts"}],"about":[{"href":"https:\/\/www.messinaoggi.it\/website\/wp-json\/wp\/v2\/types\/post"}],"author":[{"embeddable":true,"href":"https:\/\/www.messinaoggi.it\/website\/wp-json\/wp\/v2\/users\/5"}],"replies":[{"embeddable":true,"href":"https:\/\/www.messinaoggi.it\/website\/wp-json\/wp\/v2\/comments?post=920"}],"version-history":[{"count":0,"href":"https:\/\/www.messinaoggi.it\/website\/wp-json\/wp\/v2\/posts\/920\/revisions"}],"wp:featuredmedia":[{"embeddable":true,"href":"https:\/\/www.messinaoggi.it\/website\/wp-json\/wp\/v2\/media\/921"}],"wp:attachment":[{"href":"https:\/\/www.messinaoggi.it\/website\/wp-json\/wp\/v2\/media?parent=920"}],"wp:term":[{"taxonomy":"category","embeddable":true,"href":"https:\/\/www.messinaoggi.it\/website\/wp-json\/wp\/v2\/categories?post=920"},{"taxonomy":"post_tag","embeddable":true,"href":"https:\/\/www.messinaoggi.it\/website\/wp-json\/wp\/v2\/tags?post=920"}],"curies":[{"name":"wp","href":"https:\/\/api.w.org\/{rel}","templated":true}]}}