{"id":9198,"date":"2017-10-07T15:27:41","date_gmt":"2017-10-07T13:27:41","guid":{"rendered":"http:\/\/www.messinaoggi.it\/website\/?p=9198"},"modified":"2017-10-07T15:27:41","modified_gmt":"2017-10-07T13:27:41","slug":"eccellenza-domani-il-pistunina-a-ragusa-debutta-lungherese-gyorio","status":"publish","type":"post","link":"https:\/\/www.messinaoggi.it\/website\/2017\/10\/07\/eccellenza-domani-il-pistunina-a-ragusa-debutta-lungherese-gyorio\/","title":{"rendered":"Eccellenza, domani il Pistunina a Ragusa: debutta l&#039;ungherese Gyorio"},"content":{"rendered":"<div style=\"text-align: justify\"><\/div>\n<div style=\"text-align: justify\">\n<div>\n<span style=\"font-family: 'arial narrow','sans-serif'\">La prima convocazione stagionale di\u00a0 <\/span><span style=\"font-family: 'arial narrow','sans-serif'\"><b>Mozesh <i>&#8220;Mozzi&#8221;<\/i> Gyorio<\/b> \u00e8 la principale novit\u00e0 settimanale del <b>Pistunina<\/b> che domani si recher\u00e0 in casa del <strong>Citt\u00e0 di Ragusa<\/strong>, sul rettangolo &#8220;<em>Aldo Campo<\/em>&#8221; (calcio d&#8217;inizio alle 15,30),\u00a0 nella sfida valida per la 5^ giornata stagionale del girone B di Eccellenza. Negli ultimi giorni \u00e8 arrivato infatti l&#8217;atteso transfer per il centrocampista ungherese, ma con doppio passaporto sia del paese natio che canadese, che quindi \u00e8 stato tesserato in tempo per la convocazione in vista della trasferta contro la blasonata formazione iblea.\u00a0<\/span><br \/>\n<span style=\"font-family: 'arial narrow','sans-serif'\">Peraltro lo stesso Gyorio, aggregato ormai alla squadra da circa un mese nel quale ha lasciato intravedere buone potenzialit\u00e0, potrebbe anche essere anche rischiato sin dal primo minuto qualora il trainer Raciti lo ritenesse opportuno.<\/span>\n<\/div>\n<div>\n<span style=\"font-family: 'arial narrow','sans-serif'\">Per il resto, squalificati entrambi per un turno capitan Caldore e Ardiri a seguito delle espulsioni di una settimana fa, cui si aggiungono per altre motivazioni Francesco Maggioloti (mancher\u00e0 per qualche mese, per impegni di lavoro), Roberto Casella (stessa causa), Andrea Puzone (stiramento) ed Emanuele Buscema (pubalgia).\u00a0 E, sempre per problemi di turni lavorativi inconciliabili con gli orari di allenamento, non fa pi\u00f9 parte dell&#8217;organico <strong>Fabrizio Mazzullo<\/strong>, la cui avventura al Pistunina \u00e8 durata una ventina di giorni: solo oggi, infatti, si apprende dal direttore sportivo Mortelliti la sua cessione al Villafranca, proprio nell&#8217;ultimo giorno utile dei tesseramenti per i calciatori vincolati<br \/>\n<\/span>\n<\/div>\n<div>\n<span style=\"font-family: 'arial narrow','sans-serif'\">Di contro il reparto difensivo viene reintegrato parzialmente, sul piano numerico, dal rientro del classe &#8217;99 Giuseppe Miduri guarito dai precedenti acciacchi muscolari e dalla presenza dell&#8217;altro juniores Gaetano D&#8217;Arrigo.\u00a0<\/span>\n<\/div>\n<div>\n<span style=\"font-family: 'times new roman','serif'\">Da decidere soprattutto chi, in assenza di Puzone la cui intesa con Chiglien si stava ormai perfezionando, andr\u00e0 ad affiancare l&#8217;ex Sicula al centro del reparto difensivo. Ma non \u00e8 da meno, per mister Raciti, neppure la scelta del sostituto di Caldore quale terzino destro. Occorre dare ossigeno ad una classifica precaria con un solo punto all&#8217;attivo, quello esterno col Camaro, dopo le prime 4 giornate di campionato.<br \/>\n<\/span>\n<\/div>\n<div>\n<span style=\"font-family: 'times new roman','serif'\">Di seguito i 18 convocati comunicati dal Pistunina che alle 8 si dar\u00e0 appuntamento in un locale di Tremestieri da dove \u00e8 prevista la partenza alla volta di Ragusa.<\/span>\n<\/div>\n<div>\n<span style=\"font-family: 'times new roman','serif'\"><b>Portieri:<\/b> Fazio, Vitale.<\/span>\n<\/div>\n<div>\n<span style=\"font-family: 'times new roman','serif'\"><b>Difensori<\/b>: D&#8217;Angelo, Chiglien, Scarf\u00ec, Sergi, Miduri, D&#8217;Arrigo.<\/span>\n<\/div>\n<div>\n<span style=\"font-family: 'times new roman','serif'\"><b>Centrocampisti:<\/b> Colucci, Keita Pa&#8217;, Sylla, Fonti, Gyorio, Saglimbene.<\/span>\n<\/div>\n<div>\n<span style=\"font-family: 'times new roman','serif'\"><b>Attaccanti:<\/b> Lo Giudice, Minissale, Ancione, Prezioso\u00a0Ghartey.<\/span>\n<\/div>\n<div>\n<span style=\"font-family: 'times new roman','serif'\">Citt\u00e0 di Ragusa-Pistunina sar\u00e0 arbitrata da Marco Mirabella di Acireale, assistito da Giuseppe Sirna della medesima sezione arbitrale e Domenico Monaca di Siracusa.\u00a0 <\/span>\n<\/div>\n<p><strong>Nella foto Gyorio al lavoro al &#8220;Messina Sud&#8221; (Scatto di Roberto Santoro)<\/strong>\n<\/div>\n<div id=\"div-gpt-ad-Messinaoggi.it-DSK-300x250-corpoart\" style=\"text-align:center;margin:0 auto;\"><\/div><\/p><div id=\"videoincontent\" style=\"clear:both\";><\/div>","protected":false},"excerpt":{"rendered":"<p>La prima convocazione stagionale di\u00a0 Mozesh &#8220;Mozzi&#8221; Gyorio \u00e8 la principale novit\u00e0 settimanale del Pistunina che domani si recher\u00e0 in casa del Citt\u00e0 di Ragusa, sul rettangolo &#8220;Aldo Campo&#8221; (calcio d&#8217;inizio alle 15,30),\u00a0 nella sfida valida per la 5^ giornata stagionale del girone B di Eccellenza. Negli ultimi giorni \u00e8 arrivato infatti l&#8217;atteso transfer per [&hellip;]<\/p>\n","protected":false},"author":9,"featured_media":9200,"comment_status":"closed","ping_status":"open","sticky":false,"template":"","format":"standard","meta":{"ub_ctt_via":"","_mi_skip_tracking":false},"categories":[10,9],"tags":[],"featured_image_src":"https:\/\/www.messinaoggi.it\/website\/wp-content\/uploads\/2017\/10\/Gyorio_1.jpg","author_info":{"display_name":"Roberto Santoro","author_link":"https:\/\/www.messinaoggi.it\/website\/author\/r-santoro\/"},"digistream_id":0,"digistream":false,"_links":{"self":[{"href":"https:\/\/www.messinaoggi.it\/website\/wp-json\/wp\/v2\/posts\/9198"}],"collection":[{"href":"https:\/\/www.messinaoggi.it\/website\/wp-json\/wp\/v2\/posts"}],"about":[{"href":"https:\/\/www.messinaoggi.it\/website\/wp-json\/wp\/v2\/types\/post"}],"author":[{"embeddable":true,"href":"https:\/\/www.messinaoggi.it\/website\/wp-json\/wp\/v2\/users\/9"}],"replies":[{"embeddable":true,"href":"https:\/\/www.messinaoggi.it\/website\/wp-json\/wp\/v2\/comments?post=9198"}],"version-history":[{"count":0,"href":"https:\/\/www.messinaoggi.it\/website\/wp-json\/wp\/v2\/posts\/9198\/revisions"}],"wp:featuredmedia":[{"embeddable":true,"href":"https:\/\/www.messinaoggi.it\/website\/wp-json\/wp\/v2\/media\/9200"}],"wp:attachment":[{"href":"https:\/\/www.messinaoggi.it\/website\/wp-json\/wp\/v2\/media?parent=9198"}],"wp:term":[{"taxonomy":"category","embeddable":true,"href":"https:\/\/www.messinaoggi.it\/website\/wp-json\/wp\/v2\/categories?post=9198"},{"taxonomy":"post_tag","embeddable":true,"href":"https:\/\/www.messinaoggi.it\/website\/wp-json\/wp\/v2\/tags?post=9198"}],"curies":[{"name":"wp","href":"https:\/\/api.w.org\/{rel}","templated":true}]}}