{"id":91978,"date":"2021-12-26T11:07:50","date_gmt":"2021-12-26T10:07:50","guid":{"rendered":"https:\/\/www.messinaoggi.it\/website\/2021\/12\/26\/inzaghi-mi-piace-nandez-brozovic-e-perisic-firmino-presto\/"},"modified":"2021-12-26T15:27:55","modified_gmt":"2021-12-26T14:27:55","slug":"inzaghi-mi-piace-nandez-brozovic-e-perisic-firmino-presto","status":"publish","type":"post","link":"https:\/\/www.messinaoggi.it\/website\/2021\/12\/26\/inzaghi-mi-piace-nandez-brozovic-e-perisic-firmino-presto\/","title":{"rendered":"Inzaghi \u201cMi piace Nandez, Brozovic e Perisic firmino presto\u201d"},"content":{"rendered":"<div>ROMA (ITALPRESS) &#8211; &#8220;Dovremo ragionare con attenzione, bisogna sempre pensare di poter crescere. La scorsa estate il primo obiettivo era mettere in sicurezza il club, ora dobbiamo cercare di vedere qualcosa&#8221;. Parla cos\u00ec, Simone Inzaghi, a &#8216;La Gazzetta dello Sport&#8217; in vista dell&#8217;ormai imminente apertura della sessione invernale di calciomercato. &#8220;Tutte le squadre si rinforzano, in fondo, la mia priorit\u00e0 sarebbe mantenere tutti &#8211; spiega il tecnico dell&#8217;Inter, campione d&#8217;inverno &#8211; Vediamo con Satriano, gli altri quattro attaccanti vorrei tenerli tutti, poi bisogna capire in mezzo o sugli esterni se possiamo trovare come migliorarci. E magari capire se qualche giocatore che dopo queste prime 25 partite ha giocato meno, ora si sente stretto. Vecino e Sensi? Penso a tutti, in generale. L&#8217;importante \u00e8 che chi rimane mi dia quel che mi ha dato finora, che sia convinto di restare\u00bb. L&#8217;ex mister della Lazio non nasconde di essere un ammiratore di Nandez: &#8220;E&#8217; un giocatore interessante, un profilo duttile, potrebbe andare bene. Non voglio parlare di nomi, la societ\u00e0 \u00e8 vigile. Se ci sar\u00e0 l&#8217;occasione, sar\u00e0 giusto coglierla&#8221;. Di certo, Inzaghi non vuole pensare a un&#8217;Inter senza Brozovic: &#8220;Deve sbrigarsi a firmare il rinnovo. L&#8217;ha gi\u00e0 detto Barella, gli piace l&#8217;Inter, l&#8217;ambiente, poi credo si sia adesso in una normale fase di contrattazione&#8230; In campo \u00e8 un giocatore straordinario, sta facendo da anni le fortune dell&#8217;Inter. Quando firma Peresic? Speriamo presto. Sapevo con lui di trovare un campione, ho  scoperto un uomo dalla grandissima disponibilit\u00e0, che ha fatto senza problemi anche la seconda punta e l&#8217;esterno a destra, quando gliel&#8217;ho chiesto&#8221;. L&#8217;allenatore dei campioni d&#8217;Italia descrive anche il suo rapporto con il presidente Zhang. &#8220;Ogni settimana ci sentiamo via messaggio, \u00e8 sempre molto attento, mi chiede se ci sono problematiche particolari da risolvere. Non \u00e8 qui con noi fisicamente &#8211; termina Inzaghi &#8211; ma lo sento molto vicino alla famiglia Inter, abbiamo un grande rapporto&#8221;.<br \/>(ITALPRESS).<\/div>\n<div id=\"div-gpt-ad-Messinaoggi.it-DSK-300x250-corpoart\" style=\"text-align:center;margin:0 auto;\"><\/div><\/p><div id=\"videoincontent\" style=\"clear:both\";><\/div>","protected":false},"excerpt":{"rendered":"<p>ROMA (ITALPRESS) &#8211; &#8220;Dovremo ragionare con attenzione, bisogna sempre pensare di poter crescere. La scorsa estate il primo obiettivo era mettere in sicurezza il club, ora dobbiamo cercare di vedere qualcosa&#8221;. Parla cos\u00ec, Simone Inzaghi, a &#8216;La Gazzetta dello Sport&#8217; in vista dell&#8217;ormai imminente apertura della sessione invernale di calciomercato. &#8220;Tutte le squadre si rinforzano, [&hellip;]<\/p>\n","protected":false},"author":18,"featured_media":91979,"comment_status":"closed","ping_status":"closed","sticky":false,"template":"","format":"standard","meta":{"ub_ctt_via":"","_mi_skip_tracking":false},"categories":[10,446,9],"tags":[783],"featured_image_src":"https:\/\/www.messinaoggi.it\/website\/wp-content\/uploads\/2021\/12\/20211226_0120.jpg","author_info":{"display_name":"Admin","author_link":"https:\/\/www.messinaoggi.it\/website\/author\/admin\/"},"digistream_id":0,"digistream":false,"_links":{"self":[{"href":"https:\/\/www.messinaoggi.it\/website\/wp-json\/wp\/v2\/posts\/91978"}],"collection":[{"href":"https:\/\/www.messinaoggi.it\/website\/wp-json\/wp\/v2\/posts"}],"about":[{"href":"https:\/\/www.messinaoggi.it\/website\/wp-json\/wp\/v2\/types\/post"}],"author":[{"embeddable":true,"href":"https:\/\/www.messinaoggi.it\/website\/wp-json\/wp\/v2\/users\/18"}],"replies":[{"embeddable":true,"href":"https:\/\/www.messinaoggi.it\/website\/wp-json\/wp\/v2\/comments?post=91978"}],"version-history":[{"count":1,"href":"https:\/\/www.messinaoggi.it\/website\/wp-json\/wp\/v2\/posts\/91978\/revisions"}],"predecessor-version":[{"id":91993,"href":"https:\/\/www.messinaoggi.it\/website\/wp-json\/wp\/v2\/posts\/91978\/revisions\/91993"}],"wp:featuredmedia":[{"embeddable":true,"href":"https:\/\/www.messinaoggi.it\/website\/wp-json\/wp\/v2\/media\/91979"}],"wp:attachment":[{"href":"https:\/\/www.messinaoggi.it\/website\/wp-json\/wp\/v2\/media?parent=91978"}],"wp:term":[{"taxonomy":"category","embeddable":true,"href":"https:\/\/www.messinaoggi.it\/website\/wp-json\/wp\/v2\/categories?post=91978"},{"taxonomy":"post_tag","embeddable":true,"href":"https:\/\/www.messinaoggi.it\/website\/wp-json\/wp\/v2\/tags?post=91978"}],"curies":[{"name":"wp","href":"https:\/\/api.w.org\/{rel}","templated":true}]}}