{"id":9187,"date":"2017-10-08T09:00:54","date_gmt":"2017-10-08T07:00:54","guid":{"rendered":"http:\/\/www.messinaoggi.it\/website\/?p=9187"},"modified":"2017-10-08T09:00:54","modified_gmt":"2017-10-08T07:00:54","slug":"cacciotto-realizzare-i-parcheggi-rosa-sarebbe-un-gesto-di-civilta","status":"publish","type":"post","link":"https:\/\/www.messinaoggi.it\/website\/2017\/10\/08\/cacciotto-realizzare-i-parcheggi-rosa-sarebbe-un-gesto-di-civilta\/","title":{"rendered":"Cacciotto: &#039;Realizzare i parcheggi rosa sarebbe un gesto di civilt\u00e0&#039;"},"content":{"rendered":"<p style=\"text-align: justify;\" align=\"LEFT\"><span style=\"color: #000000;\">\u201c<span style=\"font-family: Arial, sans-serif;\"><span style=\"font-size: medium;\">So bene che non esiste nessuna norma del codice della strada riferita ai \u2018parcheggi rosa\u2019, con la conseguenza che, la loro istituzione \u00e8 affidata alla scelta delle amministrazioni locali. Tuttavia, l\u2019iniziativa, che ha preso piede in moltissime citt\u00e0 e costa davvero pochissimo, \u00e8 espressione di grande civilt\u00e0\u201d. \u00c8 quanto afferma il consigliere della III Circoscrizione Alessandro Cacciotto in un&#8217;interrogazione indirizzata all&#8217;amministrazione, alla quale viene chiesta di valutare la possibilit\u00e0 di istituire i cosiddetti parcheggi rosa per le donne in gravidanza e le neo mamme.<\/span><\/span><\/span><div id=\"div-gpt-ad-Messinaoggi.it-DSK-300x250-corpoart\" style=\"text-align:center;margin:0 auto;\"><\/div><\/p>\n<p style=\"text-align: justify;\" align=\"LEFT\"><span style=\"color: #000000;\">\u201c<span style=\"font-family: Arial, sans-serif;\"><span style=\"font-size: medium;\">I parcheggi rosa \u2013 prosegue Cacciotto \u2013 oltre a rappresentare un importante gesto di civilt\u00e0, consentirebbero alle donne in gravidanza e alle mamme con figli entro i 12 mesi di vita, di avere una maggiore autonomia e libert\u00e0, sia nella circolazione che nello svolgimento dell\u2019attivit\u00e0 lavorativa, con evidenti benefici soprattutto per la salute. <\/span><\/span><\/span><div id=\"videoincontent\" style=\"clear:both\";><\/div><\/p>\n<p style=\"text-align: justify;\" align=\"LEFT\"><span style=\"color: #000000;\"><span style=\"font-family: Arial, sans-serif;\"><span style=\"font-size: medium;\">L\u2019istituzione di questi parcheggi dovrebbe ovviamente avvenire in luoghi strategici: ospedali, farmacie, centro storico. La modalit\u00e0 di istituzione non sarebbe assolutamente difficile e, soprattutto per Palazzo Zanca, ci\u00f2 non costituirebbe nessun sacrificio di particolare spessore economico, considerata la disastrata condizione in cui versano le casse comunali. Basterebbe dipingere opportunamente gli stalli e collocare una segnaletica ad hoc che comunichi la disponibilit\u00e0 di quei parcheggi per le future e neo mamme; queste ultime, se volessero usufruire dei suddetti parcheggi dovrebbero semplicemente farne richiesta e, magari, potrebbe essere concesso loro un pass della durata di un anno da esibire a vista sul cruscotto. <\/span><\/span><\/span><\/p>\n<p style=\"text-align: justify;\" align=\"LEFT\"><span style=\"color: #000000;\"><span style=\"font-family: Arial, sans-serif;\"><span style=\"font-size: medium;\">Purtroppo, non \u00e8 la prima volta che formulo tale richiesta, trovando il totale disinteresse istituzionale. Questa volta per\u00f2 intendo investire anche il Consiglio comunale (al quale questa richiesta non era mai stata formulata dal sottoscritto), oltre a reiterare la richiesta anche all\u2019assessore competente, confidando nella possibilit\u00e0 di realizzare un atto che possa finalmente istituire i parcheggi rosa\u201d.<\/span><\/span><\/span><\/p>\n","protected":false},"excerpt":{"rendered":"<p>\u201cSo bene che non esiste nessuna norma del codice della strada riferita ai \u2018parcheggi rosa\u2019, con la conseguenza che, la loro istituzione \u00e8 affidata alla scelta delle amministrazioni locali. Tuttavia, l\u2019iniziativa, che ha preso piede in moltissime citt\u00e0 e costa davvero pochissimo, \u00e8 espressione di grande civilt\u00e0\u201d. \u00c8 quanto afferma il consigliere della III Circoscrizione [&hellip;]<\/p>\n","protected":false},"author":8,"featured_media":5960,"comment_status":"closed","ping_status":"open","sticky":false,"template":"","format":"standard","meta":{"ub_ctt_via":"","_mi_skip_tracking":false},"categories":[5],"tags":[],"featured_image_src":"https:\/\/www.messinaoggi.it\/website\/wp-content\/uploads\/2017\/08\/parcheggi-rosa-a-roma-messinaoggi-2.jpg","author_info":{"display_name":"red..me","author_link":"https:\/\/www.messinaoggi.it\/website\/author\/redstage\/"},"digistream_id":0,"digistream":false,"_links":{"self":[{"href":"https:\/\/www.messinaoggi.it\/website\/wp-json\/wp\/v2\/posts\/9187"}],"collection":[{"href":"https:\/\/www.messinaoggi.it\/website\/wp-json\/wp\/v2\/posts"}],"about":[{"href":"https:\/\/www.messinaoggi.it\/website\/wp-json\/wp\/v2\/types\/post"}],"author":[{"embeddable":true,"href":"https:\/\/www.messinaoggi.it\/website\/wp-json\/wp\/v2\/users\/8"}],"replies":[{"embeddable":true,"href":"https:\/\/www.messinaoggi.it\/website\/wp-json\/wp\/v2\/comments?post=9187"}],"version-history":[{"count":0,"href":"https:\/\/www.messinaoggi.it\/website\/wp-json\/wp\/v2\/posts\/9187\/revisions"}],"wp:featuredmedia":[{"embeddable":true,"href":"https:\/\/www.messinaoggi.it\/website\/wp-json\/wp\/v2\/media\/5960"}],"wp:attachment":[{"href":"https:\/\/www.messinaoggi.it\/website\/wp-json\/wp\/v2\/media?parent=9187"}],"wp:term":[{"taxonomy":"category","embeddable":true,"href":"https:\/\/www.messinaoggi.it\/website\/wp-json\/wp\/v2\/categories?post=9187"},{"taxonomy":"post_tag","embeddable":true,"href":"https:\/\/www.messinaoggi.it\/website\/wp-json\/wp\/v2\/tags?post=9187"}],"curies":[{"name":"wp","href":"https:\/\/api.w.org\/{rel}","templated":true}]}}