{"id":9180,"date":"2017-10-07T09:02:21","date_gmt":"2017-10-07T07:02:21","guid":{"rendered":"http:\/\/www.messinaoggi.it\/website\/?p=9180"},"modified":"2017-10-07T09:02:21","modified_gmt":"2017-10-07T07:02:21","slug":"atto-vandalico-alla-segreteria-di-germana-la-condanna-di-elvira-amata","status":"publish","type":"post","link":"https:\/\/www.messinaoggi.it\/website\/2017\/10\/07\/atto-vandalico-alla-segreteria-di-germana-la-condanna-di-elvira-amata\/","title":{"rendered":"Atto vandalico alla segreteria di German\u00e0, la condanna di Elvira Amata"},"content":{"rendered":"<p>&#8220;Il dialogo politico non pu\u00f2 lasciare spazio a volgarit\u00e0 fini a se\u00a0 stesse o vandalismo&#8221;, cos\u00ec la consigliera comunale di Fratelli d&#8217;Italia\u00a0 e candidata alle elezioni regionali del 5 novembre prossimo, Elvira\u00a0 Amata, dopo aver appreso dell&#8217;atto compiuto ai danni della segreteria<br \/>\nelettorale dell&#8217;on. Nino German\u00e0.<br \/>\n&#8220;Insozzare la segreteria di un candidato alle elezioni \u00e8 un gesto di\u00a0 immensa pochezza che \u00e8 giusto condannare pubblicamente. Il confronto\u00a0 democratico passa dalle urne e dal dibattito, persino dalla\u00a0contestazione pacifica e critica ma sensata e con dei contenuti, non\u00a0certo da qualche scurrilit\u00e0 spruzzata su una vetrina del centro&#8221;.<div id=\"div-gpt-ad-Messinaoggi.it-DSK-300x250-corpoart\" style=\"text-align:center;margin:0 auto;\"><\/div><\/p>\n<div id=\"videoincontent\" style=\"clear:both\";><\/div>","protected":false},"excerpt":{"rendered":"<p>&#8220;Il dialogo politico non pu\u00f2 lasciare spazio a volgarit\u00e0 fini a se\u00a0 stesse o vandalismo&#8221;, cos\u00ec la consigliera comunale di Fratelli d&#8217;Italia\u00a0 e candidata alle elezioni regionali del 5 novembre prossimo, Elvira\u00a0 Amata, dopo aver appreso dell&#8217;atto compiuto ai danni della segreteria elettorale dell&#8217;on. Nino German\u00e0. &#8220;Insozzare la segreteria di un candidato alle elezioni \u00e8 [&hellip;]<\/p>\n","protected":false},"author":2,"featured_media":1624,"comment_status":"closed","ping_status":"open","sticky":false,"template":"","format":"standard","meta":{"ub_ctt_via":"","_mi_skip_tracking":false},"categories":[4],"tags":[],"featured_image_src":"https:\/\/www.messinaoggi.it\/website\/wp-content\/uploads\/2017\/06\/Amata-Elvira-2-2.jpg","author_info":{"display_name":"Redazione","author_link":"https:\/\/www.messinaoggi.it\/website\/author\/redazione\/"},"digistream_id":0,"digistream":false,"_links":{"self":[{"href":"https:\/\/www.messinaoggi.it\/website\/wp-json\/wp\/v2\/posts\/9180"}],"collection":[{"href":"https:\/\/www.messinaoggi.it\/website\/wp-json\/wp\/v2\/posts"}],"about":[{"href":"https:\/\/www.messinaoggi.it\/website\/wp-json\/wp\/v2\/types\/post"}],"author":[{"embeddable":true,"href":"https:\/\/www.messinaoggi.it\/website\/wp-json\/wp\/v2\/users\/2"}],"replies":[{"embeddable":true,"href":"https:\/\/www.messinaoggi.it\/website\/wp-json\/wp\/v2\/comments?post=9180"}],"version-history":[{"count":0,"href":"https:\/\/www.messinaoggi.it\/website\/wp-json\/wp\/v2\/posts\/9180\/revisions"}],"wp:featuredmedia":[{"embeddable":true,"href":"https:\/\/www.messinaoggi.it\/website\/wp-json\/wp\/v2\/media\/1624"}],"wp:attachment":[{"href":"https:\/\/www.messinaoggi.it\/website\/wp-json\/wp\/v2\/media?parent=9180"}],"wp:term":[{"taxonomy":"category","embeddable":true,"href":"https:\/\/www.messinaoggi.it\/website\/wp-json\/wp\/v2\/categories?post=9180"},{"taxonomy":"post_tag","embeddable":true,"href":"https:\/\/www.messinaoggi.it\/website\/wp-json\/wp\/v2\/tags?post=9180"}],"curies":[{"name":"wp","href":"https:\/\/api.w.org\/{rel}","templated":true}]}}