{"id":91728,"date":"2021-12-22T17:07:47","date_gmt":"2021-12-22T16:07:47","guid":{"rendered":"https:\/\/www.messinaoggi.it\/website\/2021\/12\/22\/a-natale-in-streaming-il-concerto-dei-cameristi-della-scala\/"},"modified":"2021-12-22T17:07:47","modified_gmt":"2021-12-22T16:07:47","slug":"a-natale-in-streaming-il-concerto-dei-cameristi-della-scala","status":"publish","type":"post","link":"https:\/\/www.messinaoggi.it\/website\/2021\/12\/22\/a-natale-in-streaming-il-concerto-dei-cameristi-della-scala\/","title":{"rendered":"A Natale in streaming il concerto dei Cameristi della Scala"},"content":{"rendered":"<div>MILANO (ITALPRESS) &#8211; Il giorno di Natale, alle ore 17.00, sul canale YouTube Cameristi della Scala WebTv, sar\u00e0 trasmesso il Concerto nel Duomo di Milano. L&#8217;evento vede protagonisti i Cameristi della Scala diretti dal maestro Giulio Prandi, affiancati dal Coro Universitario del Collegio Ghislieri di Pavia, con i soprani Federico Fiorio e Marta Redaelli e il contralto Marta Fumagalli.<br \/>Il programma dell&#8217;esecuzione prevede Regina Coeli per coro, archi e organo di Giuseppe Sarti (1729 &#8211; 1802), il Concerto in re minore RV 128 per archi e basso continuo e Gloria RV 589 per soli, coro, tromba, oboe, archi e basso continuo di Antonio Vivaldi (1678 &#8211; 1741). <br \/>Una scelta che, nella prima parte, si fonde strettamente con la storia del Duomo: Giuseppe Sarti, prolifico compositore settecentesco, fu infatti nominato Maestro di Cappella dal 1779 al 1787. Oltre un centinaio di composizioni sacre che si conservano nell&#8217;Archivio della Veneranda Fabbrica. <br \/>Il Gloria di Antonio Vivaldi risale circa al 1716, Diviso in dodici parti \u00e8 fra gli esempi pi\u00f9 celebri di spiritualit\u00e0 barocca, oscillante fra momenti di delicato intimismo e di estroversa grandezza celebrativa.<br \/>La durata complessiva del concerto \u00e8 di circa 35 minuti. <br \/>Il canale YouTube Cameristi della Scala WebTv, \u00e8 sostenuto da Intesa Sanpaolo.<br \/>(ITALPRESS).<\/div>\n<div id=\"div-gpt-ad-Messinaoggi.it-DSK-300x250-corpoart\" style=\"text-align:center;margin:0 auto;\"><\/div><\/p><div id=\"videoincontent\" style=\"clear:both\";><\/div>","protected":false},"excerpt":{"rendered":"<p>MILANO (ITALPRESS) &#8211; Il giorno di Natale, alle ore 17.00, sul canale YouTube Cameristi della Scala WebTv, sar\u00e0 trasmesso il Concerto nel Duomo di Milano. L&#8217;evento vede protagonisti i Cameristi della Scala diretti dal maestro Giulio Prandi, affiancati dal Coro Universitario del Collegio Ghislieri di Pavia, con i soprani Federico Fiorio e Marta Redaelli e [&hellip;]<\/p>\n","protected":false},"author":18,"featured_media":91729,"comment_status":"closed","ping_status":"closed","sticky":false,"template":"","format":"standard","meta":{"ub_ctt_via":"","_mi_skip_tracking":false},"categories":[446],"tags":[783],"featured_image_src":"https:\/\/www.messinaoggi.it\/website\/wp-content\/uploads\/2021\/12\/20211222_1573.jpg","author_info":{"display_name":"Admin","author_link":"https:\/\/www.messinaoggi.it\/website\/author\/admin\/"},"digistream_id":0,"digistream":false,"_links":{"self":[{"href":"https:\/\/www.messinaoggi.it\/website\/wp-json\/wp\/v2\/posts\/91728"}],"collection":[{"href":"https:\/\/www.messinaoggi.it\/website\/wp-json\/wp\/v2\/posts"}],"about":[{"href":"https:\/\/www.messinaoggi.it\/website\/wp-json\/wp\/v2\/types\/post"}],"author":[{"embeddable":true,"href":"https:\/\/www.messinaoggi.it\/website\/wp-json\/wp\/v2\/users\/18"}],"replies":[{"embeddable":true,"href":"https:\/\/www.messinaoggi.it\/website\/wp-json\/wp\/v2\/comments?post=91728"}],"version-history":[{"count":0,"href":"https:\/\/www.messinaoggi.it\/website\/wp-json\/wp\/v2\/posts\/91728\/revisions"}],"wp:featuredmedia":[{"embeddable":true,"href":"https:\/\/www.messinaoggi.it\/website\/wp-json\/wp\/v2\/media\/91729"}],"wp:attachment":[{"href":"https:\/\/www.messinaoggi.it\/website\/wp-json\/wp\/v2\/media?parent=91728"}],"wp:term":[{"taxonomy":"category","embeddable":true,"href":"https:\/\/www.messinaoggi.it\/website\/wp-json\/wp\/v2\/categories?post=91728"},{"taxonomy":"post_tag","embeddable":true,"href":"https:\/\/www.messinaoggi.it\/website\/wp-json\/wp\/v2\/tags?post=91728"}],"curies":[{"name":"wp","href":"https:\/\/api.w.org\/{rel}","templated":true}]}}