{"id":91717,"date":"2021-12-22T16:17:34","date_gmt":"2021-12-22T15:17:34","guid":{"rendered":"https:\/\/www.messinaoggi.it\/website\/2021\/12\/22\/universita-palermo-midiri-si-apre-periodo-di-investimenti-e-rilancio\/"},"modified":"2021-12-22T16:17:34","modified_gmt":"2021-12-22T15:17:34","slug":"universita-palermo-midiri-si-apre-periodo-di-investimenti-e-rilancio","status":"publish","type":"post","link":"https:\/\/www.messinaoggi.it\/website\/2021\/12\/22\/universita-palermo-midiri-si-apre-periodo-di-investimenti-e-rilancio\/","title":{"rendered":"Universit\u00e0 Palermo, Midiri: \u201cSi apre periodo di investimenti e rilancio\u201d"},"content":{"rendered":"<div>\n<p>PALERMO (ITALPRESS) \u2013 Ricerca, didattica, assunzioni ed edilizia. Queste le macro aree in cui l\u2019Universit\u00e0 di Palermo ha intenzione di investire per un ulteriore rilancio dell\u2019Ateneo che punta ad attirare nuovi studenti e soprattutto rispondere alle esigenze degli iscritti sotto tutti i profili. <br \/>\u201cUn grande impianto che abbiamo costruito in maniera specifica sull\u2019edilizia universitaria legata alle ristrutturazioni dei nostri numerosi plessi ma anche sulla potenziale costruzione di nuove residenze e aule che sono elementi centrali per immaginare una nuova didattica\u201d, ha spiegato il rettore Massimo Midiri, presentando in conferenza stampa le novit\u00e0 del bilancio 2022. Fondi per oltre 14 milioni, a questi si aggiungono anche quelli provenienti dagli utili del bilancio dello scorso anno e anche le risorse provenienti dai bandi del Ministero dell\u2019Universit\u00e0 che co-finanzieranno i progetti per circa 40 milioni. <br \/>\u201cSi apre per UniPa un periodo di investimento, rilancio ed espansione \u2013 ha sottolineato il rettore Midiri -. Con l\u2019approvazione del bilancio 2022 avviamo un piano di azione per la crescita del nostro Ateneo nei prossimi anni, realizzando cos\u00ec un progetto concreto e strategico, un nuovo modo di vivere e fare Universit\u00e0 con un modello sostenibile, inclusivo ed innovativo. Vogliamo che UniPa entri a fare parte delle pi\u00f9 importanti reti europee, stringendo allo stesso tempo maggiormente il rapporto con la Citt\u00e0 e la Regione concorrendo cos\u00ec allo sviluppo del territorio con un ruolo decisivo\u201d.<br \/>\u201cFaremo investimenti anche sulla componente umana \u2013 ha aggiunto Midiri \u2013 sia del personale docente che personale tecnico-amministrativo: il primo fondamentale per rilanciare la ricerca che diventa centrale nell\u2019innovazione, mentre il secondo che diventa lo strumento per interpretare le grandi risorse che arriveranno dal Pnrr\u201d. <br \/>In arrivo potenziamenti per i servizi agli studenti: dai fondi per l\u2019attivit\u00e0 dei ricercatori e dei dottorati di ricerca fino al miglioramento della strumentazione necessaria ai progetti. A tutto ci\u00f2 si aggiunge anche l\u2019obiettivo dell\u2019ingresso degli studenti nel mondo del lavoro, di creare il punto di contatto tra universit\u00e0 e aziende, attraverso l\u2019attivazione di specifici accordi di collaborazione e partnership con le imprese: \u201cAbbiamo gi\u00e0 diversi accordi con i pi\u00f9 grandi gruppi \u2013 ha spiegato Midiri -. In totale, al momento, si parla di circa 1000 aziende specializzate e divise per settori di competenza. Cosa che creerebbe per l\u2019Universit\u00e0 una spinta dal punto di vista dell\u2019appeal per gli studenti\u201d. <br \/>Tra i temi trattati nel corso dell\u2019incontro, anche quello relativo al rientro in presenza degli studenti per gli esami che si svolgeranno a gennaio: \u201cL\u2019obiettivo \u00e8 quello di rientrare al 100% i nostri controlli su vaccini e tamponi sono serrati e siamo pronti ad accogliere gli studenti con tutte le precauzioni del caso \u2013 ha concluso Midiri -. A tal proposito ringrazio il commissario per l\u2019emergenza covid della provincia di Palermo, Renato Costa, per averci dato la possibilit\u00e0 di effettuare delle vaccinazioni anche per gli studenti in Ateneo\u201d.<br \/>Erano presenti alla conferenza stampa il prorettore vicario, Enrico Napoli, il direttore generale, Antonio Romeo, i Prorettori, i Delegati del Rettore e i Dirigenti dell\u2019Ateneo. <br \/>(ITALPRESS).<div id=\"div-gpt-ad-Messinaoggi.it-DSK-300x250-corpoart\" style=\"text-align:center;margin:0 auto;\"><\/div><\/p>\n<\/div>\n<div id=\"videoincontent\" style=\"clear:both\";><\/div>","protected":false},"excerpt":{"rendered":"<p>PALERMO (ITALPRESS) \u2013 Ricerca, didattica, assunzioni ed edilizia. Queste le macro aree in cui l\u2019Universit\u00e0 di Palermo ha intenzione di investire per un ulteriore rilancio dell\u2019Ateneo che punta ad attirare nuovi studenti e soprattutto rispondere alle esigenze degli iscritti sotto tutti i profili. \u201cUn grande impianto che abbiamo costruito in maniera specifica sull\u2019edilizia universitaria legata [&hellip;]<\/p>\n","protected":false},"author":18,"featured_media":91718,"comment_status":"closed","ping_status":"closed","sticky":false,"template":"","format":"standard","meta":{"ub_ctt_via":"","_mi_skip_tracking":false},"categories":[2449],"tags":[783],"featured_image_src":"https:\/\/www.messinaoggi.it\/website\/wp-content\/uploads\/2021\/12\/20211222_1503.jpg","author_info":{"display_name":"Admin","author_link":"https:\/\/www.messinaoggi.it\/website\/author\/admin\/"},"digistream_id":0,"digistream":false,"_links":{"self":[{"href":"https:\/\/www.messinaoggi.it\/website\/wp-json\/wp\/v2\/posts\/91717"}],"collection":[{"href":"https:\/\/www.messinaoggi.it\/website\/wp-json\/wp\/v2\/posts"}],"about":[{"href":"https:\/\/www.messinaoggi.it\/website\/wp-json\/wp\/v2\/types\/post"}],"author":[{"embeddable":true,"href":"https:\/\/www.messinaoggi.it\/website\/wp-json\/wp\/v2\/users\/18"}],"replies":[{"embeddable":true,"href":"https:\/\/www.messinaoggi.it\/website\/wp-json\/wp\/v2\/comments?post=91717"}],"version-history":[{"count":0,"href":"https:\/\/www.messinaoggi.it\/website\/wp-json\/wp\/v2\/posts\/91717\/revisions"}],"wp:featuredmedia":[{"embeddable":true,"href":"https:\/\/www.messinaoggi.it\/website\/wp-json\/wp\/v2\/media\/91718"}],"wp:attachment":[{"href":"https:\/\/www.messinaoggi.it\/website\/wp-json\/wp\/v2\/media?parent=91717"}],"wp:term":[{"taxonomy":"category","embeddable":true,"href":"https:\/\/www.messinaoggi.it\/website\/wp-json\/wp\/v2\/categories?post=91717"},{"taxonomy":"post_tag","embeddable":true,"href":"https:\/\/www.messinaoggi.it\/website\/wp-json\/wp\/v2\/tags?post=91717"}],"curies":[{"name":"wp","href":"https:\/\/api.w.org\/{rel}","templated":true}]}}