{"id":91715,"date":"2021-12-22T16:07:34","date_gmt":"2021-12-22T15:07:34","guid":{"rendered":"https:\/\/www.messinaoggi.it\/website\/2021\/12\/22\/intesa-sanpaolo-due-opere-di-cima-da-conegliano-in-mostra-a-torino\/"},"modified":"2021-12-22T16:07:34","modified_gmt":"2021-12-22T15:07:34","slug":"intesa-sanpaolo-due-opere-di-cima-da-conegliano-in-mostra-a-torino","status":"publish","type":"post","link":"https:\/\/www.messinaoggi.it\/website\/2021\/12\/22\/intesa-sanpaolo-due-opere-di-cima-da-conegliano-in-mostra-a-torino\/","title":{"rendered":"Intesa Sanpaolo, due opere di Cima da Conegliano in mostra a Torino"},"content":{"rendered":"<div>TORINO (ITALPRESS) &#8211; Intesa Sanpaolo espone da oggi al 9 gennaio 2022 nell&#8217;Auditorium del grattacielo due capolavori di Cima da Conegliano, artista tra i maggiori esponenti della scuola veneta tra XV e XVI secolo. Entrambi i dipinti raffigurano la Madonna con il Bambino e provengono dalla Pinacoteca Nazionale di Bologna e dal Petit Palais di Parigi. Per la prima volta sono dunque due gli &#8220;ospiti illustri&#8221; protagonisti dell&#8217;ormai tradizionale appuntamento espositivo torinese che la Banca organizza nel periodo delle festivit\u00e0 invernali. L&#8217;ingresso \u00e8 gratuito con prenotazione obbligatoria sul sito: gruppo.intesasanpaolo.com.<br \/>&#8220;L&#8217;Ospite illustre al grattacielo \u00e8 un appuntamento ormai tradizionale che quest&#8217;anno siamo riusciti a riprendere dopo l&#8217;interruzione dell&#8217;anno scorso, un segno di fiducia sottolineato dai dipinti in mostra, che rinnovano il messaggio universale di speranza a partire dai valori della famiglia e della comunit\u00e0 &#8211; commenta Gian Maria Gros-Pietro, presidente Intesa Sanpaolo -. Sono valori che tutti sentiamo forti e che Intesa Sanpaolo vive nel suo operare quotidiano a supporto del Paese. In una situazione ancora non pienamente risolta, speriamo che il nuovo allestimento nell&#8217;Auditorium, che esalta la qualit\u00e0 delle opere garantendo piena tutela, sia apprezzato dai visitatori&#8221;. L&#8217;iniziativa \u00e8 nell&#8217;ambito delle attivit\u00e0 ESG di Intesa Sanpaolo per la cultura e il welfare.<br \/>Dopo l&#8217;interruzione dello scorso anno a causa della pandemia ritorna, in coerenza con l&#8217;ultima edizione, un omaggio ai pittori veneti del Rinascimento e alla figura della Vergine che stringe il Bambino. Il precedente &#8220;ospite illustre&#8221;, esposto al grattacielo a fine 2019 &#8211; inizio 2020, era stato infatti la Madonna di Alzano di Giovanni Bellini, in prestito dall&#8217;Accademia Carrara di Bergamo.<br \/>In entrambi i dipinti esposti, realizzati intorno all&#8217;anno 1500, il pittore \u00e8 riuscito a stabilire un equilibrio quasi miracoloso tra le figure sacre e il paesaggio. L&#8217;opera oggi a Bologna \u00e8 la pi\u00f9 antica ed \u00e8 percorsa da simboli: le braccia incrociate sul torso di Cristo evocano la posa del Vir dolorum, mentre il parapetto su cui egli sta in piedi \u00e8 un&#8217;allusione alla pietra dell&#8217;unzione, sulla quale il corpo del Cristo morto \u00e8 stato preparato per il sepolcro, una pietra che cos\u00ec ha assunto la sua tonalit\u00e0 rossa. Dietro alle figure, il paesaggio pu\u00f2 essere considerato il terzo protagonista del dipinto, soprattutto sul lato destro, dove si vede un primo villaggio fortificato a mezza distanza e di seguito un altro ancora, arroccato sulle montagne lontane.<br \/>Il quadro del Petit Palais di Parigi \u00e8 invece pi\u00f9 intimo: la Vergine \u00e8 seduta e il parapetto di marmo \u00e8 scomparso. La sua mano destra tiene saldamente il Bambino mentre la sinistra ne sfiora delicatamente il ventre. Il paesaggio \u00e8 di un&#8217;infinita variet\u00e0: i piani pi\u00f9 lontani si estendono sul lato sinistro, mentre sulla destra \u00e8 una roccia scoscesa che lo spettatore deve attraversare mentalmente per raggiungere una chiesa sull&#8217;altura, da dove si pu\u00f2 immaginare un panorama che abbraccia tutta la valle circostante. Mai prima di Cima si aveva avuto l&#8217;impressione di poter entrare in modo cos\u00ec realistico nella scena sacra di un dipinto.<br \/>L&#8217;Ospite illustre \u00e8 la rassegna curata e promossa da Intesa Sanpaolo che dal 2015 espone nei suoi musei delle Gallerie d&#8217;Italia e al grattacielo di Torino un&#8217;opera di rilievo in prestito temporaneo da prestigiosi musei italiani e stranieri. Con questo appuntamento L&#8217;Ospite illustre, realizzato dal Progetto Cultura della Banca, \u00e8 giunto alla tredicesima edizione. La mostra di quest&#8217;anno si terr\u00e0 nell&#8217;inedito spazio allestito nell&#8217;Auditorium del grattacielo, facilmente raggiungibile dalle scale mobili.<br \/>Il catalogo della mostra \u00e8 edito da Edizioni Gallerie d&#8217;Italia | Skira con testi di Neville Rowley, C\u00e8cile Maisonneuve e Giorgio Fossaluzza.<br \/>(ITALPRESS).<\/div>\n<div id=\"div-gpt-ad-Messinaoggi.it-DSK-300x250-corpoart\" style=\"text-align:center;margin:0 auto;\"><\/div><\/p><div id=\"videoincontent\" style=\"clear:both\";><\/div>","protected":false},"excerpt":{"rendered":"<p>TORINO (ITALPRESS) &#8211; Intesa Sanpaolo espone da oggi al 9 gennaio 2022 nell&#8217;Auditorium del grattacielo due capolavori di Cima da Conegliano, artista tra i maggiori esponenti della scuola veneta tra XV e XVI secolo. Entrambi i dipinti raffigurano la Madonna con il Bambino e provengono dalla Pinacoteca Nazionale di Bologna e dal Petit Palais di [&hellip;]<\/p>\n","protected":false},"author":18,"featured_media":91716,"comment_status":"closed","ping_status":"closed","sticky":false,"template":"","format":"standard","meta":{"ub_ctt_via":"","_mi_skip_tracking":false},"categories":[446],"tags":[783],"featured_image_src":"https:\/\/www.messinaoggi.it\/website\/wp-content\/uploads\/2021\/12\/20211222_0851.jpg","author_info":{"display_name":"Admin","author_link":"https:\/\/www.messinaoggi.it\/website\/author\/admin\/"},"digistream_id":0,"digistream":false,"_links":{"self":[{"href":"https:\/\/www.messinaoggi.it\/website\/wp-json\/wp\/v2\/posts\/91715"}],"collection":[{"href":"https:\/\/www.messinaoggi.it\/website\/wp-json\/wp\/v2\/posts"}],"about":[{"href":"https:\/\/www.messinaoggi.it\/website\/wp-json\/wp\/v2\/types\/post"}],"author":[{"embeddable":true,"href":"https:\/\/www.messinaoggi.it\/website\/wp-json\/wp\/v2\/users\/18"}],"replies":[{"embeddable":true,"href":"https:\/\/www.messinaoggi.it\/website\/wp-json\/wp\/v2\/comments?post=91715"}],"version-history":[{"count":0,"href":"https:\/\/www.messinaoggi.it\/website\/wp-json\/wp\/v2\/posts\/91715\/revisions"}],"wp:featuredmedia":[{"embeddable":true,"href":"https:\/\/www.messinaoggi.it\/website\/wp-json\/wp\/v2\/media\/91716"}],"wp:attachment":[{"href":"https:\/\/www.messinaoggi.it\/website\/wp-json\/wp\/v2\/media?parent=91715"}],"wp:term":[{"taxonomy":"category","embeddable":true,"href":"https:\/\/www.messinaoggi.it\/website\/wp-json\/wp\/v2\/categories?post=91715"},{"taxonomy":"post_tag","embeddable":true,"href":"https:\/\/www.messinaoggi.it\/website\/wp-json\/wp\/v2\/tags?post=91715"}],"curies":[{"name":"wp","href":"https:\/\/api.w.org\/{rel}","templated":true}]}}