{"id":91713,"date":"2021-12-22T16:07:33","date_gmt":"2021-12-22T15:07:33","guid":{"rendered":"https:\/\/www.messinaoggi.it\/website\/2021\/12\/22\/morti-bianche-orlando-intervenire-su-precarieta-e-frammentazione\/"},"modified":"2021-12-22T16:07:33","modified_gmt":"2021-12-22T15:07:33","slug":"morti-bianche-orlando-intervenire-su-precarieta-e-frammentazione","status":"publish","type":"post","link":"https:\/\/www.messinaoggi.it\/website\/2021\/12\/22\/morti-bianche-orlando-intervenire-su-precarieta-e-frammentazione\/","title":{"rendered":"Morti bianche, Orlando \u201cIntervenire su precariet\u00e0 e frammentazione\u201d"},"content":{"rendered":"<div>ROMA (ITALPRESS) &#8211; &#8220;Gli incidenti non avvengono ovunque nella stessa misura, avvengono con maggiore frequenza quando il lavoro \u00e8 precario, frammentato e questo pone due questioni. Una \u00e8 quella del subappalto e l&#8217;altra \u00e8 quella dell&#8217;omogeneit\u00e0 dell&#8217;attivit\u00e0 contrattuale. Bisogna affrontare gli elementi di carattere strutturale se vogliamo incidere significativamente sul fenomeno degli infortuni e delle morti sul lavoro. Dobbiamo intervenire su frammentazione e precariet\u00e0 del lavoro per dare alle nuove generazioni una prospettiva di lavoro diversa e pi\u00f9 sicura&#8221;. Cos\u00ec Andrea Orlando, ministro del Lavoro e delle Politiche Sociali nel corso di una informativa alla Camera sulla sicurezza nei luoghi di lavoro.<br \/>&#8220;Dobbiamo evitare che la ripresa generi un arretramento sul fronte della sicurezza e della salute dei lavoratori&#8221;, ha sottolineato Orlando.<br \/>&#8220;C&#8217;\u00e8 bisogno di tempo, paghiamo le scelte che non sono state fatte in passato e le scelte che faremo oggi forse produrranno degli effetti in futuro. L&#8217;intervento operato con il decreto legge fiscale da poco convertito in legge sta iniziando ora a dare i primi effetti &#8211; ha aggiunto -. Occorre aumentare e mantenere alta attenzione e impegno, rafforzare controlli e programmazione di azioni strutturali per intervenire sulle ragioni di una recrudescenza degli infortuni sul lavoro, che risiedono nella carenza di risorse impiegate, di strategie organizzative e di una persistente violazione della tutela dei lavoratori. Occorre estendere in maniera diffusa a tutti i settori produttivi l&#8217;azione di vigilanza, formazione, prevenzione, informazione, assistenza alle imprese e concentrarsi su settori che presentano una maggiore incidenza di irregolarit\u00e0 contrattuali e una minore trasparenza delle condizioni di lavoro&#8221;.<br \/>(ITALPRESS).<\/div>\n<div id=\"div-gpt-ad-Messinaoggi.it-DSK-300x250-corpoart\" style=\"text-align:center;margin:0 auto;\"><\/div><\/p><div id=\"videoincontent\" style=\"clear:both\";><\/div>","protected":false},"excerpt":{"rendered":"<p>ROMA (ITALPRESS) &#8211; &#8220;Gli incidenti non avvengono ovunque nella stessa misura, avvengono con maggiore frequenza quando il lavoro \u00e8 precario, frammentato e questo pone due questioni. Una \u00e8 quella del subappalto e l&#8217;altra \u00e8 quella dell&#8217;omogeneit\u00e0 dell&#8217;attivit\u00e0 contrattuale. Bisogna affrontare gli elementi di carattere strutturale se vogliamo incidere significativamente sul fenomeno degli infortuni e delle [&hellip;]<\/p>\n","protected":false},"author":18,"featured_media":91714,"comment_status":"closed","ping_status":"closed","sticky":false,"template":"","format":"standard","meta":{"ub_ctt_via":"","_mi_skip_tracking":false},"categories":[446],"tags":[783],"featured_image_src":"https:\/\/www.messinaoggi.it\/website\/wp-content\/uploads\/2021\/12\/20211222_0840-300x206-1.jpg","author_info":{"display_name":"Admin","author_link":"https:\/\/www.messinaoggi.it\/website\/author\/admin\/"},"digistream_id":0,"digistream":false,"_links":{"self":[{"href":"https:\/\/www.messinaoggi.it\/website\/wp-json\/wp\/v2\/posts\/91713"}],"collection":[{"href":"https:\/\/www.messinaoggi.it\/website\/wp-json\/wp\/v2\/posts"}],"about":[{"href":"https:\/\/www.messinaoggi.it\/website\/wp-json\/wp\/v2\/types\/post"}],"author":[{"embeddable":true,"href":"https:\/\/www.messinaoggi.it\/website\/wp-json\/wp\/v2\/users\/18"}],"replies":[{"embeddable":true,"href":"https:\/\/www.messinaoggi.it\/website\/wp-json\/wp\/v2\/comments?post=91713"}],"version-history":[{"count":0,"href":"https:\/\/www.messinaoggi.it\/website\/wp-json\/wp\/v2\/posts\/91713\/revisions"}],"wp:featuredmedia":[{"embeddable":true,"href":"https:\/\/www.messinaoggi.it\/website\/wp-json\/wp\/v2\/media\/91714"}],"wp:attachment":[{"href":"https:\/\/www.messinaoggi.it\/website\/wp-json\/wp\/v2\/media?parent=91713"}],"wp:term":[{"taxonomy":"category","embeddable":true,"href":"https:\/\/www.messinaoggi.it\/website\/wp-json\/wp\/v2\/categories?post=91713"},{"taxonomy":"post_tag","embeddable":true,"href":"https:\/\/www.messinaoggi.it\/website\/wp-json\/wp\/v2\/tags?post=91713"}],"curies":[{"name":"wp","href":"https:\/\/api.w.org\/{rel}","templated":true}]}}