{"id":91688,"date":"2021-12-22T14:07:33","date_gmt":"2021-12-22T13:07:33","guid":{"rendered":"https:\/\/www.messinaoggi.it\/website\/2021\/12\/22\/a-novembre-export-in-crescita-saldo-commerciale-in-calo\/"},"modified":"2021-12-22T14:07:33","modified_gmt":"2021-12-22T13:07:33","slug":"a-novembre-export-in-crescita-saldo-commerciale-in-calo","status":"publish","type":"post","link":"https:\/\/www.messinaoggi.it\/website\/2021\/12\/22\/a-novembre-export-in-crescita-saldo-commerciale-in-calo\/","title":{"rendered":"A novembre export in crescita, saldo commerciale in calo"},"content":{"rendered":"<div>ROMA (ITALPRESS) &#8211; A novembre l&#8217;Istat stima per l&#8217;interscambio commerciale con i paesi extra Ue27, un aumento su base mensile per entrambi i flussi, pi\u00f9 ampio per le esportazioni (+2,9%) rispetto alle importazioni (+0,6%). L&#8217;export verso i paesi extra Ue \u00e8 trainato in particolare dalle vendite di energia e beni intermedi. Nella media degli ultimi tre mesi, la dinamica congiunturale \u00e8 stazionaria. Su base annua, la crescita dell&#8217;export torna ad accelerare (+13,3%, da +4% di ottobre) ed \u00e8 diffusa, seppure con diversa intensit\u00e0, a tutti i raggruppamenti principali di industrie. Le maggiori vendite di energia, beni intermedi e beni strumentali contribuiscono in egual misura (per un quarto) all&#8217;incremento tendenziale delle esportazioni italiane verso i paesi extra Ue. L&#8217;incremento, sia congiunturale sia tendenziale, dell&#8217;import \u00e8 ancora in larga parte determinato dai maggiori acquisti di prodotti energetici. La stima del saldo commerciale a novembre \u00e8 pari a +4.210 milioni, in calo rispetto a novembre 2020 (+6.626). Aumenta invece l&#8217;avanzo nell&#8217;interscambio di prodotti non energetici (da +8.092 milioni per novembre 2020 a +8.132 milioni per novembre 2021). Si rilevano aumenti su base annua dell&#8217;export verso la maggior parte dei principali paesi partner extra Ue27.<br \/>(ITALPRESS).<\/div>\n<div id=\"div-gpt-ad-Messinaoggi.it-DSK-300x250-corpoart\" style=\"text-align:center;margin:0 auto;\"><\/div><\/p><div id=\"videoincontent\" style=\"clear:both\";><\/div>","protected":false},"excerpt":{"rendered":"<p>ROMA (ITALPRESS) &#8211; A novembre l&#8217;Istat stima per l&#8217;interscambio commerciale con i paesi extra Ue27, un aumento su base mensile per entrambi i flussi, pi\u00f9 ampio per le esportazioni (+2,9%) rispetto alle importazioni (+0,6%). L&#8217;export verso i paesi extra Ue \u00e8 trainato in particolare dalle vendite di energia e beni intermedi. Nella media degli ultimi [&hellip;]<\/p>\n","protected":false},"author":18,"featured_media":91689,"comment_status":"closed","ping_status":"closed","sticky":false,"template":"","format":"standard","meta":{"ub_ctt_via":"","_mi_skip_tracking":false},"categories":[446],"tags":[783],"featured_image_src":"https:\/\/www.messinaoggi.it\/website\/wp-content\/uploads\/2021\/12\/20211222_0519.jpg","author_info":{"display_name":"Admin","author_link":"https:\/\/www.messinaoggi.it\/website\/author\/admin\/"},"digistream_id":0,"digistream":false,"_links":{"self":[{"href":"https:\/\/www.messinaoggi.it\/website\/wp-json\/wp\/v2\/posts\/91688"}],"collection":[{"href":"https:\/\/www.messinaoggi.it\/website\/wp-json\/wp\/v2\/posts"}],"about":[{"href":"https:\/\/www.messinaoggi.it\/website\/wp-json\/wp\/v2\/types\/post"}],"author":[{"embeddable":true,"href":"https:\/\/www.messinaoggi.it\/website\/wp-json\/wp\/v2\/users\/18"}],"replies":[{"embeddable":true,"href":"https:\/\/www.messinaoggi.it\/website\/wp-json\/wp\/v2\/comments?post=91688"}],"version-history":[{"count":0,"href":"https:\/\/www.messinaoggi.it\/website\/wp-json\/wp\/v2\/posts\/91688\/revisions"}],"wp:featuredmedia":[{"embeddable":true,"href":"https:\/\/www.messinaoggi.it\/website\/wp-json\/wp\/v2\/media\/91689"}],"wp:attachment":[{"href":"https:\/\/www.messinaoggi.it\/website\/wp-json\/wp\/v2\/media?parent=91688"}],"wp:term":[{"taxonomy":"category","embeddable":true,"href":"https:\/\/www.messinaoggi.it\/website\/wp-json\/wp\/v2\/categories?post=91688"},{"taxonomy":"post_tag","embeddable":true,"href":"https:\/\/www.messinaoggi.it\/website\/wp-json\/wp\/v2\/tags?post=91688"}],"curies":[{"name":"wp","href":"https:\/\/api.w.org\/{rel}","templated":true}]}}