{"id":91684,"date":"2021-12-22T13:07:32","date_gmt":"2021-12-22T12:07:32","guid":{"rendered":"https:\/\/www.messinaoggi.it\/website\/2021\/12\/22\/draghi-lavoro-puo-continuare-indipendentemente-da-chi-sara-premier\/"},"modified":"2021-12-22T13:07:32","modified_gmt":"2021-12-22T12:07:32","slug":"draghi-lavoro-puo-continuare-indipendentemente-da-chi-sara-premier","status":"publish","type":"post","link":"https:\/\/www.messinaoggi.it\/website\/2021\/12\/22\/draghi-lavoro-puo-continuare-indipendentemente-da-chi-sara-premier\/","title":{"rendered":"Draghi \u201cLavoro pu\u00f2 continuare indipendentemente da chi sar\u00e0 premier\u201d"},"content":{"rendered":"<div>ROMA (ITALPRESS) &#8211; &#8220;Io non ho particolari aspirazioni. Sono un uomo, se volete un nonno al servizio delle istituzioni. La responsabilit\u00e0 delle decisioni \u00e8 interamente nelle mani delle forze politiche e non degli individui&#8221;. Lo ha detto il presidente del Consiglio, Mario Draghi, nel corso della conferenza stampa di fine anno.<br \/>Per quanto riguarda il Pnrr &#8220;abbiamo raggiunto tutti i 51 obiettivi che avevamo concordato con la Commissione. L&#8217;Italia, le Regioni, i Comuni, il governo si muovono con determinazione e forza &#8211; ha spiegato -. E importante stare all&#8217;erta perch\u00e8 il processo \u00e8 lungo e complesso, ma c&#8217;\u00e8 da essere soddisfatti per quanto fatto e non c&#8217;\u00e8 ragione di temere che non si possa fare bene anche in futuro. Abbiamo creato le condizioni perch\u00e8 il lavoro sul Pnrr continui, indipendentemente da chi ci sar\u00e0&#8221;. Per il premier \u00e8 comunque &#8220;essenziale e necessario per continuare l&#8217;azione di contrasto alla pandemia, di rilancio della crescita, dell&#8217;attuazione del Pnrr, che la legislatura vada avanti fino al suo termine naturale&#8221;.<br \/>&#8220;E&#8217; essenziale per continuare l&#8217;azione di contrasto alla pandemia, di rilancio della crescita, dell&#8217;attuazione Pnrr, \u00e8 necessario che la legislatura vada avanti fino al suo termine naturale&#8221;, ha aggiunto.<br \/>Per Draghi &#8220;l&#8217;arrivo della variante Omicron ha aperto una nuova fase della pandemia, domani si terr\u00e0 una cabina di regia per capire il da farsi. I vaccini restano lo strumento di difesa migliore dal virus&#8221;.<br \/>&#8220;Le mascherine oggi sono previste all&#8217;aperto nel caso di grandi assembramenti, non \u00e8 esclusa l&#8217;applicazione dei tamponi perch\u00e8 nel green pass c&#8217;\u00e8 un periodo in cui la protezione delle due dosi decresce e in quel periodo pu\u00f2 essere utile farli&#8221;, ha sottolineato il premier.<br \/>&#8220;Non ci sono ancora nuove proiezioni. Credo sia normale chiedersi se la pandemia continua a diffondersi potr\u00e0 avere un impatto sulle previsioni di crescita per il 2022, finora non vediamo nulla per l&#8217;Italia, lo vediamo ad esempio in Germania &#8211; ha aggiunto Draghi -. Molto dipende dal contenimento della pandemia e per questo occorre prendere tutte le precauzioni possibile&#8221;.<br \/>&#8220;A Mattarella deve essere dato un messaggio di affetto, questo credo sia quello che provano gli italiani. Ha svolto splendidamente il suo ruolo con dolcezza e fermezza, ha attraversato momenti difficilissimi del suo settennato, ha scelto con saggezza. E&#8217; l&#8217;esempio e il modello di Presidente della Repubblica&#8221;, ha poi sottolineato il premier.<br \/>Sul fronte europeo il presidente del Consiglio ha spiegato: &#8220;La mia visione critica delle regole del Patto di stabilit\u00e0 come erano prima \u00e8 nota. Oggi \u00e8 cambiato molto il quadro internazionale. L&#8217;Italia \u00e8 in una buona posizione per far sentire la propria voce. La discussione \u00e8 appena iniziata, andr\u00e0 avanti per tutto il 2022. Occorre arrivare a un consenso, ed \u00e8 importante che il consenso arrivi presto nel 2022, perch\u00e8 la sospensione del patto finisce nel 2023&#8221;.<br \/>(ITALPRESS).<\/div>\n<div id=\"div-gpt-ad-Messinaoggi.it-DSK-300x250-corpoart\" style=\"text-align:center;margin:0 auto;\"><\/div><\/p><div id=\"videoincontent\" style=\"clear:both\";><\/div>","protected":false},"excerpt":{"rendered":"<p>ROMA (ITALPRESS) &#8211; &#8220;Io non ho particolari aspirazioni. Sono un uomo, se volete un nonno al servizio delle istituzioni. La responsabilit\u00e0 delle decisioni \u00e8 interamente nelle mani delle forze politiche e non degli individui&#8221;. Lo ha detto il presidente del Consiglio, Mario Draghi, nel corso della conferenza stampa di fine anno.Per quanto riguarda il Pnrr [&hellip;]<\/p>\n","protected":false},"author":18,"featured_media":91685,"comment_status":"closed","ping_status":"closed","sticky":false,"template":"","format":"standard","meta":{"ub_ctt_via":"","_mi_skip_tracking":false},"categories":[446],"tags":[783],"featured_image_src":"https:\/\/www.messinaoggi.it\/website\/wp-content\/uploads\/2021\/12\/20211222_0396.jpg","author_info":{"display_name":"Admin","author_link":"https:\/\/www.messinaoggi.it\/website\/author\/admin\/"},"digistream_id":0,"digistream":false,"_links":{"self":[{"href":"https:\/\/www.messinaoggi.it\/website\/wp-json\/wp\/v2\/posts\/91684"}],"collection":[{"href":"https:\/\/www.messinaoggi.it\/website\/wp-json\/wp\/v2\/posts"}],"about":[{"href":"https:\/\/www.messinaoggi.it\/website\/wp-json\/wp\/v2\/types\/post"}],"author":[{"embeddable":true,"href":"https:\/\/www.messinaoggi.it\/website\/wp-json\/wp\/v2\/users\/18"}],"replies":[{"embeddable":true,"href":"https:\/\/www.messinaoggi.it\/website\/wp-json\/wp\/v2\/comments?post=91684"}],"version-history":[{"count":0,"href":"https:\/\/www.messinaoggi.it\/website\/wp-json\/wp\/v2\/posts\/91684\/revisions"}],"wp:featuredmedia":[{"embeddable":true,"href":"https:\/\/www.messinaoggi.it\/website\/wp-json\/wp\/v2\/media\/91685"}],"wp:attachment":[{"href":"https:\/\/www.messinaoggi.it\/website\/wp-json\/wp\/v2\/media?parent=91684"}],"wp:term":[{"taxonomy":"category","embeddable":true,"href":"https:\/\/www.messinaoggi.it\/website\/wp-json\/wp\/v2\/categories?post=91684"},{"taxonomy":"post_tag","embeddable":true,"href":"https:\/\/www.messinaoggi.it\/website\/wp-json\/wp\/v2\/tags?post=91684"}],"curies":[{"name":"wp","href":"https:\/\/api.w.org\/{rel}","templated":true}]}}