{"id":91664,"date":"2021-12-22T10:07:42","date_gmt":"2021-12-22T09:07:42","guid":{"rendered":"https:\/\/www.messinaoggi.it\/website\/2021\/12\/22\/manovra-meloni-dalla-maggioranza-assalto-alla-diligenza\/"},"modified":"2021-12-22T10:07:42","modified_gmt":"2021-12-22T09:07:42","slug":"manovra-meloni-dalla-maggioranza-assalto-alla-diligenza","status":"publish","type":"post","link":"https:\/\/www.messinaoggi.it\/website\/2021\/12\/22\/manovra-meloni-dalla-maggioranza-assalto-alla-diligenza\/","title":{"rendered":"Manovra, Meloni \u201cDalla maggioranza assalto alla diligenza\u201d"},"content":{"rendered":"<div>ROMA (ITALPRESS) &#8211; &#8220;La manovra non mi convinceva all&#8217;inizio e ora \u00e8 peggiorata, \u00e8 senza visione, \u00e8 una manovra di compromesso per mettere d&#8217;accordo i partiti, non serviva Mario Draghi per farla&#8221;. Lo ha detto la leader di Fratelli d&#8217;Italia, Giorgia Meloni, ospite di Radio24. &#8220;La manovra \u00e8 arrivata non tardi ma fuori tempo massimo &#8211; ha aggiunto -. Nel passaggio parlamentare \u00e8 peggiorata, c&#8217;\u00e8 stato l&#8217;assalto alla diligenza da parte della maggioranza&#8221;.<br \/>In merito all&#8217;emergenza Covid, per la Meloni &#8220;il Governo sta dimostrando di procedere a tentoni, non ci stanno capendo niente, vedi la durata del green pass che probabilmente cambier\u00e0 ancora&#8221;.<br \/>&#8220;Non si pu\u00f2 dire da una parte seguiamo la scienza e dall&#8217;altra  obbligare il popolo a fare qualcosa &#8211; ha proseguito -. Abbiamo sempre saputo che esistevano le varianti. La campagna vaccinale \u00e8 fondamentale ma da sola non risolve i problemi, si deve intervenire su mezzi pubblici, scuole. Avrei fermato l&#8217;immigrazione irregolare, persone che arrivano da Paesi non vaccinati&#8221;.<br \/>(ITALPRESS).<\/div>\n<div id=\"div-gpt-ad-Messinaoggi.it-DSK-300x250-corpoart\" style=\"text-align:center;margin:0 auto;\"><\/div><\/p><div id=\"videoincontent\" style=\"clear:both\";><\/div>","protected":false},"excerpt":{"rendered":"<p>ROMA (ITALPRESS) &#8211; &#8220;La manovra non mi convinceva all&#8217;inizio e ora \u00e8 peggiorata, \u00e8 senza visione, \u00e8 una manovra di compromesso per mettere d&#8217;accordo i partiti, non serviva Mario Draghi per farla&#8221;. Lo ha detto la leader di Fratelli d&#8217;Italia, Giorgia Meloni, ospite di Radio24. &#8220;La manovra \u00e8 arrivata non tardi ma fuori tempo massimo [&hellip;]<\/p>\n","protected":false},"author":18,"featured_media":91665,"comment_status":"closed","ping_status":"closed","sticky":false,"template":"","format":"standard","meta":{"ub_ctt_via":"","_mi_skip_tracking":false},"categories":[446],"tags":[783],"featured_image_src":"https:\/\/www.messinaoggi.it\/website\/wp-content\/uploads\/2021\/12\/20211222_0164.jpg","author_info":{"display_name":"Admin","author_link":"https:\/\/www.messinaoggi.it\/website\/author\/admin\/"},"digistream_id":0,"digistream":false,"_links":{"self":[{"href":"https:\/\/www.messinaoggi.it\/website\/wp-json\/wp\/v2\/posts\/91664"}],"collection":[{"href":"https:\/\/www.messinaoggi.it\/website\/wp-json\/wp\/v2\/posts"}],"about":[{"href":"https:\/\/www.messinaoggi.it\/website\/wp-json\/wp\/v2\/types\/post"}],"author":[{"embeddable":true,"href":"https:\/\/www.messinaoggi.it\/website\/wp-json\/wp\/v2\/users\/18"}],"replies":[{"embeddable":true,"href":"https:\/\/www.messinaoggi.it\/website\/wp-json\/wp\/v2\/comments?post=91664"}],"version-history":[{"count":0,"href":"https:\/\/www.messinaoggi.it\/website\/wp-json\/wp\/v2\/posts\/91664\/revisions"}],"wp:featuredmedia":[{"embeddable":true,"href":"https:\/\/www.messinaoggi.it\/website\/wp-json\/wp\/v2\/media\/91665"}],"wp:attachment":[{"href":"https:\/\/www.messinaoggi.it\/website\/wp-json\/wp\/v2\/media?parent=91664"}],"wp:term":[{"taxonomy":"category","embeddable":true,"href":"https:\/\/www.messinaoggi.it\/website\/wp-json\/wp\/v2\/categories?post=91664"},{"taxonomy":"post_tag","embeddable":true,"href":"https:\/\/www.messinaoggi.it\/website\/wp-json\/wp\/v2\/tags?post=91664"}],"curies":[{"name":"wp","href":"https:\/\/api.w.org\/{rel}","templated":true}]}}