{"id":91637,"date":"2021-12-21T23:07:34","date_gmt":"2021-12-21T22:07:34","guid":{"rendered":"https:\/\/www.messinaoggi.it\/website\/2021\/12\/21\/juventus-cagliari-2-0-kean-e-bernardeschi-a-segno\/"},"modified":"2021-12-22T08:53:51","modified_gmt":"2021-12-22T07:53:51","slug":"juventus-cagliari-2-0-kean-e-bernardeschi-a-segno","status":"publish","type":"post","link":"https:\/\/www.messinaoggi.it\/website\/2021\/12\/21\/juventus-cagliari-2-0-kean-e-bernardeschi-a-segno\/","title":{"rendered":"Juventus-Cagliari 2-0, Kean e Bernardeschi a segno"},"content":{"rendered":"<div>TORINO (ITALPRESS) &#8211; La Juventus ha chiuso il suo 2021 con una vittoria. Lo ha fatto all&#8217;Allianz Stadium di Torino battendo il Cagliari per 2-0, complicando ulteriormente la situazione della squadra sarda sempre in zona retrocessione e del suo allenatore Walter Mazzarri, la cui panchina \u00e8 da stasera ancora pi\u00f9 instabile. In corsa per rientrare nelle zone alte della classifica, la Juventus \u00e8 inevitabilmente scesa in campo inserendo la trazione anteriore contro un Cagliari che a tratti ha cercato di alzare il proprio baricentro per non subire troppo la pressione dei bianconeri. Per quasi tutta la prima frazione, la retroguardia rossobl\u00f9 ha cercato di respingere l&#8217;offensiva della Juventus e quando non sono stati i giocatori ospiti a negare la gioia ai padroni di casa \u00e8 stato un palo a mettersi di mezzo: \u00e8 successo all&#8217;11 quando un cross dalla destra di Cuadrado ha trovato il colpo di testa a botta sicura di Kean che \u00e8 andato ad impattare sul legno alla destra di Cragno. Niente e nessuno invece ha negato la gioia all&#8217;attaccante numero 18 della Juventus al 40&#8242; quando, su un traversone di Bernardeschi, si \u00e8 liberato dalla marcatura di Zappa e ha colpito di testa, stavolta forse in maniera poco ortodossa, sorprendendo il gi\u00e0 citato Cragno. Cagliari pi\u00f9 dinamico nella ripresa e clamorosa l&#8217;occasione mancata da Dalbert al quarto d&#8217;ora che avrebbe portato i sardi sulla parit\u00e0: sul cross rasoterra dalla destra di Bellanova, il brasiliano ex Inter ha svirgolato a pochi passi dalla porta difesa da Szczesny. Al 23&#8242; \u00e8 stato invece l&#8217;estremo difensore polacco della Juventus a ergersi a protagonista deviando d&#8217;istinto in corner un colpo di testa di Joao Pedro imbeccato millimetricamente dalla destra da Zappa. Non ha invece sbagliato Bernardeschi al 38&#8242; quando, servito da un filtrante in contropiede di Kulusevski, ha puntato la parte sinistra dell&#8217;area di rigore e con un mancino in diagonale ha suggellato la sua prestazione e chiuso la partita.<br \/>(ITALPRESS).<\/div>\n<div id=\"div-gpt-ad-Messinaoggi.it-DSK-300x250-corpoart\" style=\"text-align:center;margin:0 auto;\"><\/div><\/p><div id=\"videoincontent\" style=\"clear:both\";><\/div>","protected":false},"excerpt":{"rendered":"<p>TORINO (ITALPRESS) &#8211; La Juventus ha chiuso il suo 2021 con una vittoria. Lo ha fatto all&#8217;Allianz Stadium di Torino battendo il Cagliari per 2-0, complicando ulteriormente la situazione della squadra sarda sempre in zona retrocessione e del suo allenatore Walter Mazzarri, la cui panchina \u00e8 da stasera ancora pi\u00f9 instabile. In corsa per rientrare [&hellip;]<\/p>\n","protected":false},"author":18,"featured_media":91638,"comment_status":"closed","ping_status":"closed","sticky":false,"template":"","format":"standard","meta":{"ub_ctt_via":"","_mi_skip_tracking":false},"categories":[10,446,9],"tags":[783],"featured_image_src":"https:\/\/www.messinaoggi.it\/website\/wp-content\/uploads\/2021\/12\/20211221_2349.jpg","author_info":{"display_name":"Admin","author_link":"https:\/\/www.messinaoggi.it\/website\/author\/admin\/"},"digistream_id":0,"digistream":false,"_links":{"self":[{"href":"https:\/\/www.messinaoggi.it\/website\/wp-json\/wp\/v2\/posts\/91637"}],"collection":[{"href":"https:\/\/www.messinaoggi.it\/website\/wp-json\/wp\/v2\/posts"}],"about":[{"href":"https:\/\/www.messinaoggi.it\/website\/wp-json\/wp\/v2\/types\/post"}],"author":[{"embeddable":true,"href":"https:\/\/www.messinaoggi.it\/website\/wp-json\/wp\/v2\/users\/18"}],"replies":[{"embeddable":true,"href":"https:\/\/www.messinaoggi.it\/website\/wp-json\/wp\/v2\/comments?post=91637"}],"version-history":[{"count":1,"href":"https:\/\/www.messinaoggi.it\/website\/wp-json\/wp\/v2\/posts\/91637\/revisions"}],"predecessor-version":[{"id":91644,"href":"https:\/\/www.messinaoggi.it\/website\/wp-json\/wp\/v2\/posts\/91637\/revisions\/91644"}],"wp:featuredmedia":[{"embeddable":true,"href":"https:\/\/www.messinaoggi.it\/website\/wp-json\/wp\/v2\/media\/91638"}],"wp:attachment":[{"href":"https:\/\/www.messinaoggi.it\/website\/wp-json\/wp\/v2\/media?parent=91637"}],"wp:term":[{"taxonomy":"category","embeddable":true,"href":"https:\/\/www.messinaoggi.it\/website\/wp-json\/wp\/v2\/categories?post=91637"},{"taxonomy":"post_tag","embeddable":true,"href":"https:\/\/www.messinaoggi.it\/website\/wp-json\/wp\/v2\/tags?post=91637"}],"curies":[{"name":"wp","href":"https:\/\/api.w.org\/{rel}","templated":true}]}}