{"id":91589,"date":"2021-12-22T00:07:43","date_gmt":"2021-12-21T23:07:43","guid":{"rendered":"https:\/\/www.messinaoggi.it\/website\/2021\/12\/21\/inter-campione-dinverno-inzaghi-stimolo-a-fare-di-piu\/"},"modified":"2021-12-22T09:01:07","modified_gmt":"2021-12-22T08:01:07","slug":"inter-campione-dinverno-inzaghi-stimolo-a-fare-di-piu","status":"publish","type":"post","link":"https:\/\/www.messinaoggi.it\/website\/2021\/12\/22\/inter-campione-dinverno-inzaghi-stimolo-a-fare-di-piu\/","title":{"rendered":"Inter campione d\u2019inverno, Inzaghi \u201cStimolo a fare di pi\u00f9\u201d"},"content":{"rendered":"<div>MILANO (ITALPRESS) &#8211; &#8220;E&#8217; normale che sono soddisfatto, siamo molto contenti di questo titolo d&#8217;inverno ma sappiamo che non finisce nell&#8217;albo d&#8217;oro, quindi siamo contenti, \u00e8 una bella sensazione ma deve essere uno stimolo per fare ancora di pi\u00f9&#8221;. Simone Inzaghi tiene alta l&#8217;asticella alla vigilia della gara col Torino, alla quale i nerazzurri si presentano da campioni d&#8217;inverno con un turno d&#8217;anticipo dopo i risultati dell&#8217;ultima giornata. &#8220;Siamo in un bel momento, i ragazzi sono tutti coinvolti, abbiamo la fortuna di poter lavorare sempre molto bene ma sappiamo che il nostro percorso \u00e8 ancora molto lungo &#8211; avverte il tecnico piacentino ai microfoni di Inter Tv &#8211; Abbiamo visto che in queste prime 18 partite di campionato i vertici della classifica sono cambiati velocemente. Noi siamo in linea con quello che ci aveva chiesto la societ\u00e0, che era di ritornare agli ottavi, di mantenere le prime quattro posizioni in campionato, quindi siamo contenti. Lo scudetto dell&#8217;Inter passa dai prossimi due mesi? Mancando ancora 20 partite da qui alla fine \u00e8 ancora tutto lunghissimo, sappiamo cosa ci prospetta il calendario ma adesso la mia preoccupazione \u00e8 per la gara di domani perch\u00e8 affrontiamo una squadra in salute e molto ben organizzata&#8221;. Parlando della gara di domani, &#8220;il Torino ha giocatori di qualit\u00e0 e quantit\u00e0 e nelle ultime quattro partite ha fatto due pareggi e due vittorie &#8211; avverte Inzaghi &#8211; E&#8217; in striscia positiva, l&#8217;allenatore \u00e8 molto preparato e lo stimo molto, riesce a tirare fuori il meglio dalle sue squadre&#8221;. Non ci sar\u00e0 Barella, come succeder\u00e0 nell&#8217;andata degli ottavi di Champions contro il Liverpool. &#8220;Ma per il Liverpool manca ancora tanto tempo, sappiamo che ci dobbiamo arrivare nel migliore dei modi &#8211; ribatte il tecnico nerazzurro &#8211; Gi\u00e0 da questi primi quattro mesi abbiamo visto che tra infortuni e squalifiche devi sempre avere in testa delle idee diverse perch\u00e8 la squadra per questi motivi pu\u00f2 essere sempre in evoluzione da un giorno all&#8217;altro&#8221;.<br \/>(ITALPRESS).<\/div>\n<div id=\"div-gpt-ad-Messinaoggi.it-DSK-300x250-corpoart\" style=\"text-align:center;margin:0 auto;\"><\/div><\/p><div id=\"videoincontent\" style=\"clear:both\";><\/div>","protected":false},"excerpt":{"rendered":"<p>MILANO (ITALPRESS) &#8211; &#8220;E&#8217; normale che sono soddisfatto, siamo molto contenti di questo titolo d&#8217;inverno ma sappiamo che non finisce nell&#8217;albo d&#8217;oro, quindi siamo contenti, \u00e8 una bella sensazione ma deve essere uno stimolo per fare ancora di pi\u00f9&#8221;. Simone Inzaghi tiene alta l&#8217;asticella alla vigilia della gara col Torino, alla quale i nerazzurri si [&hellip;]<\/p>\n","protected":false},"author":18,"featured_media":91590,"comment_status":"closed","ping_status":"closed","sticky":false,"template":"","format":"standard","meta":{"ub_ctt_via":"","_mi_skip_tracking":false},"categories":[10,446,9],"tags":[783],"featured_image_src":"https:\/\/www.messinaoggi.it\/website\/wp-content\/uploads\/2021\/12\/20211221_1538.jpg","author_info":{"display_name":"Admin","author_link":"https:\/\/www.messinaoggi.it\/website\/author\/admin\/"},"digistream_id":0,"digistream":false,"_links":{"self":[{"href":"https:\/\/www.messinaoggi.it\/website\/wp-json\/wp\/v2\/posts\/91589"}],"collection":[{"href":"https:\/\/www.messinaoggi.it\/website\/wp-json\/wp\/v2\/posts"}],"about":[{"href":"https:\/\/www.messinaoggi.it\/website\/wp-json\/wp\/v2\/types\/post"}],"author":[{"embeddable":true,"href":"https:\/\/www.messinaoggi.it\/website\/wp-json\/wp\/v2\/users\/18"}],"replies":[{"embeddable":true,"href":"https:\/\/www.messinaoggi.it\/website\/wp-json\/wp\/v2\/comments?post=91589"}],"version-history":[{"count":1,"href":"https:\/\/www.messinaoggi.it\/website\/wp-json\/wp\/v2\/posts\/91589\/revisions"}],"predecessor-version":[{"id":91653,"href":"https:\/\/www.messinaoggi.it\/website\/wp-json\/wp\/v2\/posts\/91589\/revisions\/91653"}],"wp:featuredmedia":[{"embeddable":true,"href":"https:\/\/www.messinaoggi.it\/website\/wp-json\/wp\/v2\/media\/91590"}],"wp:attachment":[{"href":"https:\/\/www.messinaoggi.it\/website\/wp-json\/wp\/v2\/media?parent=91589"}],"wp:term":[{"taxonomy":"category","embeddable":true,"href":"https:\/\/www.messinaoggi.it\/website\/wp-json\/wp\/v2\/categories?post=91589"},{"taxonomy":"post_tag","embeddable":true,"href":"https:\/\/www.messinaoggi.it\/website\/wp-json\/wp\/v2\/tags?post=91589"}],"curies":[{"name":"wp","href":"https:\/\/api.w.org\/{rel}","templated":true}]}}