{"id":910,"date":"2017-05-29T14:30:27","date_gmt":"2017-05-29T12:30:27","guid":{"rendered":"http:\/\/www.messinaoggi.it\/website\/?p=910"},"modified":"2017-05-29T14:30:27","modified_gmt":"2017-05-29T12:30:27","slug":"capo-peloro-arriva-il-primo-festival-degli-aquiloni","status":"publish","type":"post","link":"https:\/\/www.messinaoggi.it\/website\/2017\/05\/29\/capo-peloro-arriva-il-primo-festival-degli-aquiloni\/","title":{"rendered":"Capo Peloro: arriva il primo \u201cFestival degli aquiloni\u201d"},"content":{"rendered":"<p>I preparativi per il primo \u201cFestival degli aquiloni\u201d a Capo Peloro impazzano, si tratta di una grande festa organizzata dalla Pro Loco Capo Peloro sulla spiaggia sotto il pilone, conosciuta come \u201cLa punta\u201d.<br \/>\nL\u2019 evento si terr\u00e0 domenica 30 Aprile a partire dalle ore 10:30 alla punta sotto il pilone. La partecipazione \u00e8 gratuita.<br \/>\nIl vento culler\u00e0 gli aquiloni dei presenti, per regalare un momento di leggerezza e spensieratezza, facendo in modo che lo stress quotidiano voli via, anche se per poco.<br \/>\nLa giornata sar\u00e0 ricca di attivit\u00e0, ci saranno diverse esibizioni aeree e mostre; laboratori didattici per la costruzione di aquiloni che voleranno alti insieme a quelli gi\u00e0 costruiti dai bambini che hanno preso parte ai laboratori tenutisi presso la canonica della Parrocchia S.Maria della Lettera durante il periodo pasquale; un mercatino di artigianato con spazi gastronomici; un gazebo interamente dedicato a &#8220;Il mistero della laguna- Le storie di Nonno Peloro&#8221;; voli in notturna e moltissime altre sorprese in programma.<br \/>\nL\u2019evento e\u2019 co-organizzato con l\u2019Associazione \u201cAccademia Cube ART\u201d e con la speciale partecipazione delle Associazione SENSI CREATIVI e TRAPANI EVENTI, da anni promotrici del famosissimo Festival Internazionale degli Aquiloni di San Vito Lo Capo previsto dal dal 25 al 28 Maggio 2017 e giunto gi\u00e0 alla sua 9\u00b0 Edizione.<br \/>\nIl \u201cFestival degli aquiloni\u201d \u00e8 solo il primo degli eventi e delle attivit\u00e0 previste per la stagione estiva 2017 il cui calendario verr\u00e0 reso noto domenica 30 aprile insieme al lancio della Campagna di sensibilizzazione Ambientale \u201cAmbientiamoci a Capo Peloro\u201d per il periodo maggio\/giugno 2017.<br \/>\n<strong>Valentina Salvo<\/strong><div id=\"div-gpt-ad-Messinaoggi.it-DSK-300x250-corpoart\" style=\"text-align:center;margin:0 auto;\"><\/div><\/p>\n<div id=\"videoincontent\" style=\"clear:both\";><\/div>","protected":false},"excerpt":{"rendered":"<p>I preparativi per il primo \u201cFestival degli aquiloni\u201d a Capo Peloro impazzano, si tratta di una grande festa organizzata dalla Pro Loco Capo Peloro sulla spiaggia sotto il pilone, conosciuta come \u201cLa punta\u201d. L\u2019 evento si terr\u00e0 domenica 30 Aprile a partire dalle ore 10:30 alla punta sotto il pilone. La partecipazione \u00e8 gratuita. Il [&hellip;]<\/p>\n","protected":false},"author":5,"featured_media":911,"comment_status":"closed","ping_status":"open","sticky":false,"template":"","format":"standard","meta":{"ub_ctt_via":"","_mi_skip_tracking":false},"categories":[17],"tags":[],"featured_image_src":"https:\/\/www.messinaoggi.it\/website\/wp-content\/uploads\/2017\/05\/aquiloni-2.jpg","author_info":{"display_name":"Maria Antonella Saia","author_link":"https:\/\/www.messinaoggi.it\/website\/author\/m-saia\/"},"digistream_id":0,"digistream":false,"_links":{"self":[{"href":"https:\/\/www.messinaoggi.it\/website\/wp-json\/wp\/v2\/posts\/910"}],"collection":[{"href":"https:\/\/www.messinaoggi.it\/website\/wp-json\/wp\/v2\/posts"}],"about":[{"href":"https:\/\/www.messinaoggi.it\/website\/wp-json\/wp\/v2\/types\/post"}],"author":[{"embeddable":true,"href":"https:\/\/www.messinaoggi.it\/website\/wp-json\/wp\/v2\/users\/5"}],"replies":[{"embeddable":true,"href":"https:\/\/www.messinaoggi.it\/website\/wp-json\/wp\/v2\/comments?post=910"}],"version-history":[{"count":0,"href":"https:\/\/www.messinaoggi.it\/website\/wp-json\/wp\/v2\/posts\/910\/revisions"}],"wp:featuredmedia":[{"embeddable":true,"href":"https:\/\/www.messinaoggi.it\/website\/wp-json\/wp\/v2\/media\/911"}],"wp:attachment":[{"href":"https:\/\/www.messinaoggi.it\/website\/wp-json\/wp\/v2\/media?parent=910"}],"wp:term":[{"taxonomy":"category","embeddable":true,"href":"https:\/\/www.messinaoggi.it\/website\/wp-json\/wp\/v2\/categories?post=910"},{"taxonomy":"post_tag","embeddable":true,"href":"https:\/\/www.messinaoggi.it\/website\/wp-json\/wp\/v2\/tags?post=910"}],"curies":[{"name":"wp","href":"https:\/\/api.w.org\/{rel}","templated":true}]}}