{"id":90629,"date":"2021-12-14T07:35:26","date_gmt":"2021-12-14T06:35:26","guid":{"rendered":"http:\/\/www.messinaoggi.it\/website\/?p=90629"},"modified":"2021-12-13T22:38:53","modified_gmt":"2021-12-13T21:38:53","slug":"unime-inaugurati-dal-presidente-musumeci-i-locali-dellex-biblioteca-regionale","status":"publish","type":"post","link":"https:\/\/www.messinaoggi.it\/website\/2021\/12\/14\/unime-inaugurati-dal-presidente-musumeci-i-locali-dellex-biblioteca-regionale\/","title":{"rendered":"Unime, inaugurati dal presidente Musumeci i locali dell\u2019ex biblioteca regionale"},"content":{"rendered":"\n<p>Si \u00e8 svolta ieri pomeriggio, alla presenza del presidente della Regione Siciliana, Nello Musumeci, e del vicepresidente e assessore all\u2019Economia, Gaetano Armao, l\u2019inaugurazione dei nuovi locali dell\u2019Universit\u00e0 di Messina che un tempo ospitavano la biblioteca regionale; ad accoglierli c\u2019era il rettore Salvatore Cuzzocrea, insieme alla governance dell\u2019Ateneo peloritano.<div id=\"div-gpt-ad-Messinaoggi.it-DSK-300x250-corpoart\" style=\"text-align:center;margin:0 auto;\"><\/div><\/p>\n\n\n\n<p>A febbraio 2019, era stato siglato un protocollo d\u2019intesa tra la Regione e l\u2019Ateneo, attraverso cui l\u2019Universit\u00e0 rientrava nel pieno possesso dell\u2019immobile, potendo avviare, cos\u00ec, i lavori di ristrutturazione e adeguamento funzionale. A maggio 2019 \u00e8 stato sottoscritto il contratto per l\u2019affidamento dei lavori relativi al restauro conservativo e al consolidamento dell\u2019edificio.<div id=\"videoincontent\" style=\"clear:both\";><\/div><\/p>\n\n\n\n<figure class=\"wp-block-image size-large\"><img loading=\"lazy\" width=\"1024\" height=\"683\" src=\"http:\/\/www.messinaoggi.it\/website\/wp-content\/uploads\/2021\/12\/DSC_2118-1024x683.jpg\" alt=\"\" class=\"wp-image-90630\" srcset=\"https:\/\/www.messinaoggi.it\/website\/wp-content\/uploads\/2021\/12\/DSC_2118-1024x683.jpg 1024w, https:\/\/www.messinaoggi.it\/website\/wp-content\/uploads\/2021\/12\/DSC_2118-300x200.jpg 300w, https:\/\/www.messinaoggi.it\/website\/wp-content\/uploads\/2021\/12\/DSC_2118-768x512.jpg 768w, https:\/\/www.messinaoggi.it\/website\/wp-content\/uploads\/2021\/12\/DSC_2118-1536x1024.jpg 1536w, https:\/\/www.messinaoggi.it\/website\/wp-content\/uploads\/2021\/12\/DSC_2118-2048x1365.jpg 2048w\" sizes=\"(max-width: 1024px) 100vw, 1024px\" \/><\/figure>\n\n\n\n<p>\u201cQuella di oggi \u2013 ha detto il rettore \u2013 \u00e8 una data davvero importante che suggella una sinergia fra Unime, la Regione Siciliana e la Soprintendenza ai Beni Culturali, nella persona della dottoressa Mirella Vinci che desidero ringraziare per l\u2019impegno e l\u2019aiuto dimostrati. L\u2019immobile \u00e8 stato oggetto di un lungo contenzioso, poi risolto con il fattivo ed importantissimo contributo del presidente Musumeci e del vicepresidente Armao. Le carte hanno evidenziato che l\u2019ex Biblioteca Regionale era stata concessa, con Decreto regio, per uso perpetuo all\u2019Universit\u00e0 di Messina ed una volta sbrogliata la matassa siamo riusciti a siglare il protocollo con la Regione per poter passare, nel giro di circa 2 anni, dalle parole ai fatti.<\/p>\n\n\n\n<p>\u201cAbbiamo effettuato l\u2019adeguamento sismico che mancava, sistemato gli esterni e ristrutturato un edificio che era malmesso; i nuovi locali ospiteranno il Welcome Point per l\u2019accoglienza degli studenti, una grande biblioteca, una sala lettura e stanze adibite allo studio. Inoltre, la sezione di Diritto Privato del Dipartimento di Giurisprudenza si trasferir\u00e0 nei nuovi ambienti lasciando, cos\u00ec, le aule adiacenti all\u2019Orto Botanico. A breve saranno, inoltre, conclusi i lavori di ristrutturazione del cortile del rettorato e questi luoghi saranno aperti alla fruizione di tutta la citt\u00e0\u201d.<\/p>\n\n\n\n<p>\u201cHo voluto essere presente \u2013 ha commentato Musumeci \u2013 in questo momento importante non solo per l\u2019Ateneo di Messina, ma anche per l\u2019intera citt\u00e0. Da oggi viene restituito al suo splendore e pieno utilizzo un immobile che, in passato, \u00e8 stato oggetto di un lungo contenzioso. Abbiamo dovuto dirimere la controversia studiando, con cura e tenacia, le carte. Una volta sistemato tutto, assieme all\u2019Universit\u00e0 e alla Soprintendenza, abbiamo sbloccato la situazione di stallo e dato avvio ad un iter che, oggi, ci porta a vivere quella che \u00e8 una giornata di festa. Messina deve riacquistate il suo protagonismo nel Mediterraneo e pu\u00f2 farlo, anche, riappropriandosi del suo inestimabile patrimonio socio-culturale\u201d.<\/p>\n\n\n\n<p>\u201cPer me \u2013 ha aggiunto Armao \u2013 \u00e8 davvero un onore poter essere presente nel giorno in cui si testimonia la validit\u00e0 di un percorso iniziato, pi\u00f9 o meno due anni fa, per il bene di Messina, del territorio e della sua Universit\u00e0. \u00c8 stato un lavoro articolato che ha avuto bisogno dell\u2019impegno di tutte le parti in causa.  Oggi si inaugura un centro di propulsione culturale che sar\u00e0 foriero di crescita ed opportunit\u00e0\u201d.<\/p>\n","protected":false},"excerpt":{"rendered":"<p>Si \u00e8 svolta ieri pomeriggio, alla presenza del presidente della Regione Siciliana, Nello Musumeci, e del vicepresidente e assessore all\u2019Economia, Gaetano Armao, l\u2019inaugurazione dei nuovi locali dell\u2019Universit\u00e0 di Messina che un tempo ospitavano la biblioteca regionale; ad accoglierli c\u2019era il rettore Salvatore Cuzzocrea, insieme alla governance dell\u2019Ateneo peloritano. A febbraio 2019, era stato siglato un [&hellip;]<\/p>\n","protected":false},"author":8,"featured_media":90631,"comment_status":"open","ping_status":"open","sticky":false,"template":"","format":"standard","meta":{"ub_ctt_via":"","_mi_skip_tracking":false},"categories":[7],"tags":[814],"featured_image_src":"https:\/\/www.messinaoggi.it\/website\/wp-content\/uploads\/2021\/12\/DSC_2106-scaled.jpg","author_info":{"display_name":"red..me","author_link":"https:\/\/www.messinaoggi.it\/website\/author\/redstage\/"},"digistream_id":0,"digistream":false,"_links":{"self":[{"href":"https:\/\/www.messinaoggi.it\/website\/wp-json\/wp\/v2\/posts\/90629"}],"collection":[{"href":"https:\/\/www.messinaoggi.it\/website\/wp-json\/wp\/v2\/posts"}],"about":[{"href":"https:\/\/www.messinaoggi.it\/website\/wp-json\/wp\/v2\/types\/post"}],"author":[{"embeddable":true,"href":"https:\/\/www.messinaoggi.it\/website\/wp-json\/wp\/v2\/users\/8"}],"replies":[{"embeddable":true,"href":"https:\/\/www.messinaoggi.it\/website\/wp-json\/wp\/v2\/comments?post=90629"}],"version-history":[{"count":1,"href":"https:\/\/www.messinaoggi.it\/website\/wp-json\/wp\/v2\/posts\/90629\/revisions"}],"predecessor-version":[{"id":90635,"href":"https:\/\/www.messinaoggi.it\/website\/wp-json\/wp\/v2\/posts\/90629\/revisions\/90635"}],"wp:featuredmedia":[{"embeddable":true,"href":"https:\/\/www.messinaoggi.it\/website\/wp-json\/wp\/v2\/media\/90631"}],"wp:attachment":[{"href":"https:\/\/www.messinaoggi.it\/website\/wp-json\/wp\/v2\/media?parent=90629"}],"wp:term":[{"taxonomy":"category","embeddable":true,"href":"https:\/\/www.messinaoggi.it\/website\/wp-json\/wp\/v2\/categories?post=90629"},{"taxonomy":"post_tag","embeddable":true,"href":"https:\/\/www.messinaoggi.it\/website\/wp-json\/wp\/v2\/tags?post=90629"}],"curies":[{"name":"wp","href":"https:\/\/api.w.org\/{rel}","templated":true}]}}