{"id":906,"date":"2017-05-29T13:35:09","date_gmt":"2017-05-29T11:35:09","guid":{"rendered":"http:\/\/www.messinaoggi.it\/website\/?p=906"},"modified":"2017-05-29T13:35:09","modified_gmt":"2017-05-29T11:35:09","slug":"miss-italia-in-40-ieri-al-casting-di-giardini-naxos","status":"publish","type":"post","link":"https:\/\/www.messinaoggi.it\/website\/2017\/05\/29\/miss-italia-in-40-ieri-al-casting-di-giardini-naxos\/","title":{"rendered":"Miss Italia, in 40 ieri al casting di Giardini Naxos"},"content":{"rendered":"<p>Quaranta le ragazze partecipanti, con nutrito stuolo di familiari al seguito, in occasione del primo casting di <strong>Miss Italia<\/strong> ospitato nel pomeriggio di ieri dall&#8217;Assinos Palace Hotel di <strong>Giardini Naxos<\/strong>. Ad accomunarle &#8220;<em>l&#8217;entusiasmo, la voglia di mettersi in gioco e di coronare un sogno: la corona di Miss Italia<\/em>&#8220;, fanno sapere dall&#8217;entourage di <strong>Salvo Consiglio<\/strong>, responsabile del concorso di Patrizia Mirigliani lungo l&#8217;intero territorio siciliano.<br \/>\nLa macchina organizzativa siciliana di Miss Italia si \u00e8 gi\u00e0 messa in moto, con una prima selezione regionale tenutasi nei giorni scorsi ad Enna, dove si \u00e8 registrata l&#8217;affermazione di Nadia Massari, diciottenne di Chiaramonte Gulfi (Ragusa) che accede cos\u00ec alle finali regionali assieme alle catanesi Selenia Mannino (20 anni) e Agata Urz\u00ec (22).<br \/>\nProssimo appuntamento sabato 20 maggio a Palermo dove si terr\u00e0 un nuovo casting. La ricerca di volti nuovi continua, sempre nel solco della tradizione che da sempre contraddistingue Miss Italia: in palio c&#8217;\u00e8 innanzitutto la successione della &#8220;reginetta&#8221; nazionale\u00a0in carica, Rachele Risaliti, ma anche una vetrina di dimostrarsi in possesso di quelle potenzialit\u00e0 artistiche che permettono di accedere al mondo dello spettacolo, da sempre sbocco sicuro\u00a0per le ragazze\u00a0protagoniste del concorso caro ad Enzo Mirigliani ((lo storico indimenticato\u00a0patron, proprio nella giornata di\u00a0ieri, avrebbe compiuto\u00a0il proprio 100\u00b0 compleanno)\u00a0 e adesso alla figlia Patrizia.<br \/>\n<strong>In alto: immagine di gruppo per le partecipanti al casting di Giardini Naxos (Foto di Enzo Raineri)<\/strong><div id=\"div-gpt-ad-Messinaoggi.it-DSK-300x250-corpoart\" style=\"text-align:center;margin:0 auto;\"><\/div><\/p>\n<div id=\"videoincontent\" style=\"clear:both\";><\/div>","protected":false},"excerpt":{"rendered":"<p>Quaranta le ragazze partecipanti, con nutrito stuolo di familiari al seguito, in occasione del primo casting di Miss Italia ospitato nel pomeriggio di ieri dall&#8217;Assinos Palace Hotel di Giardini Naxos. Ad accomunarle &#8220;l&#8217;entusiasmo, la voglia di mettersi in gioco e di coronare un sogno: la corona di Miss Italia&#8220;, fanno sapere dall&#8217;entourage di Salvo Consiglio, [&hellip;]<\/p>\n","protected":false},"author":5,"featured_media":907,"comment_status":"closed","ping_status":"open","sticky":false,"template":"","format":"standard","meta":{"ub_ctt_via":"","_mi_skip_tracking":false},"categories":[17],"tags":[],"featured_image_src":"https:\/\/www.messinaoggi.it\/website\/wp-content\/uploads\/2017\/05\/aspiranti-reginette-di-bellezza-2.jpg","author_info":{"display_name":"Maria Antonella Saia","author_link":"https:\/\/www.messinaoggi.it\/website\/author\/m-saia\/"},"digistream_id":0,"digistream":false,"_links":{"self":[{"href":"https:\/\/www.messinaoggi.it\/website\/wp-json\/wp\/v2\/posts\/906"}],"collection":[{"href":"https:\/\/www.messinaoggi.it\/website\/wp-json\/wp\/v2\/posts"}],"about":[{"href":"https:\/\/www.messinaoggi.it\/website\/wp-json\/wp\/v2\/types\/post"}],"author":[{"embeddable":true,"href":"https:\/\/www.messinaoggi.it\/website\/wp-json\/wp\/v2\/users\/5"}],"replies":[{"embeddable":true,"href":"https:\/\/www.messinaoggi.it\/website\/wp-json\/wp\/v2\/comments?post=906"}],"version-history":[{"count":0,"href":"https:\/\/www.messinaoggi.it\/website\/wp-json\/wp\/v2\/posts\/906\/revisions"}],"wp:featuredmedia":[{"embeddable":true,"href":"https:\/\/www.messinaoggi.it\/website\/wp-json\/wp\/v2\/media\/907"}],"wp:attachment":[{"href":"https:\/\/www.messinaoggi.it\/website\/wp-json\/wp\/v2\/media?parent=906"}],"wp:term":[{"taxonomy":"category","embeddable":true,"href":"https:\/\/www.messinaoggi.it\/website\/wp-json\/wp\/v2\/categories?post=906"},{"taxonomy":"post_tag","embeddable":true,"href":"https:\/\/www.messinaoggi.it\/website\/wp-json\/wp\/v2\/tags?post=906"}],"curies":[{"name":"wp","href":"https:\/\/api.w.org\/{rel}","templated":true}]}}