{"id":90189,"date":"2021-12-10T11:46:25","date_gmt":"2021-12-10T10:46:25","guid":{"rendered":"http:\/\/www.messinaoggi.it\/website\/?p=90189"},"modified":"2021-12-10T11:46:37","modified_gmt":"2021-12-10T10:46:37","slug":"querelle-suolo-pubblico-assolto-picciotto","status":"publish","type":"post","link":"https:\/\/www.messinaoggi.it\/website\/2021\/12\/10\/querelle-suolo-pubblico-assolto-picciotto\/","title":{"rendered":"Querelle suolo pubblico, assolto Picciotto"},"content":{"rendered":"\n<p>Assolto perch\u00e9 il fatto non sussiste. Carmelo Picciotto a seguito dell&#8217;atto di revoca concessione suolo pubblico, \u00e8 stato costretto a eliminare la pedana che aveva realizzato pi\u00f9 di 20 anni fa. Atto di revoca impugnato con ottenimento della sospensiva e nel 2018 \u00e8 intervenuta la sentenza del Cga che ha annullato il regolamento comunale del 2013 che ha incredibilmente aumentato unilateralmente il canone di locazione pattuito per l&#8217;occupazione suolo.<div id=\"div-gpt-ad-Messinaoggi.it-DSK-300x250-corpoart\" style=\"text-align:center;margin:0 auto;\"><\/div><\/p>\n<div id=\"videoincontent\" style=\"clear:both\";><\/div>","protected":false},"excerpt":{"rendered":"<p>Assolto perch\u00e9 il fatto non sussiste. Carmelo Picciotto a seguito dell&#8217;atto di revoca concessione suolo pubblico, \u00e8 stato costretto a eliminare la pedana che aveva realizzato pi\u00f9 di 20 anni fa. Atto di revoca impugnato con ottenimento della sospensiva e nel 2018 \u00e8 intervenuta la sentenza del Cga che ha annullato il regolamento comunale del [&hellip;]<\/p>\n","protected":false},"author":4,"featured_media":17140,"comment_status":"open","ping_status":"open","sticky":false,"template":"","format":"standard","meta":{"ub_ctt_via":"","_mi_skip_tracking":false},"categories":[5],"tags":[1543],"featured_image_src":"https:\/\/www.messinaoggi.it\/website\/wp-content\/uploads\/2018\/03\/PICCIOTTO-CARMELO-2-1.jpg","author_info":{"display_name":"redme","author_link":"https:\/\/www.messinaoggi.it\/website\/author\/redme\/"},"digistream_id":0,"digistream":false,"_links":{"self":[{"href":"https:\/\/www.messinaoggi.it\/website\/wp-json\/wp\/v2\/posts\/90189"}],"collection":[{"href":"https:\/\/www.messinaoggi.it\/website\/wp-json\/wp\/v2\/posts"}],"about":[{"href":"https:\/\/www.messinaoggi.it\/website\/wp-json\/wp\/v2\/types\/post"}],"author":[{"embeddable":true,"href":"https:\/\/www.messinaoggi.it\/website\/wp-json\/wp\/v2\/users\/4"}],"replies":[{"embeddable":true,"href":"https:\/\/www.messinaoggi.it\/website\/wp-json\/wp\/v2\/comments?post=90189"}],"version-history":[{"count":1,"href":"https:\/\/www.messinaoggi.it\/website\/wp-json\/wp\/v2\/posts\/90189\/revisions"}],"predecessor-version":[{"id":90190,"href":"https:\/\/www.messinaoggi.it\/website\/wp-json\/wp\/v2\/posts\/90189\/revisions\/90190"}],"wp:featuredmedia":[{"embeddable":true,"href":"https:\/\/www.messinaoggi.it\/website\/wp-json\/wp\/v2\/media\/17140"}],"wp:attachment":[{"href":"https:\/\/www.messinaoggi.it\/website\/wp-json\/wp\/v2\/media?parent=90189"}],"wp:term":[{"taxonomy":"category","embeddable":true,"href":"https:\/\/www.messinaoggi.it\/website\/wp-json\/wp\/v2\/categories?post=90189"},{"taxonomy":"post_tag","embeddable":true,"href":"https:\/\/www.messinaoggi.it\/website\/wp-json\/wp\/v2\/tags?post=90189"}],"curies":[{"name":"wp","href":"https:\/\/api.w.org\/{rel}","templated":true}]}}