{"id":90109,"date":"2021-12-09T18:12:17","date_gmt":"2021-12-09T17:12:17","guid":{"rendered":"http:\/\/www.messinaoggi.it\/website\/?p=90109"},"modified":"2021-12-09T18:13:44","modified_gmt":"2021-12-09T17:13:44","slug":"sicindustria-messina-pietro-franza-e-il-presidente","status":"publish","type":"post","link":"https:\/\/www.messinaoggi.it\/website\/2021\/12\/09\/sicindustria-messina-pietro-franza-e-il-presidente\/","title":{"rendered":"Sicindustria Messina, Pietro Franza \u00e8 il presidente"},"content":{"rendered":"\n<p>Pietro Franza \u00e8 il nuovo presidente di Sicindustria Messina. Eletto all\u2019unanimit\u00e0 dall\u2019Assemblea dei soci, guider\u00e0 la delegazione messinese per i prossimi quattro anni. Cinquantadue anni, laureato in Economia e commercio, Franza \u00e8 ai vertici del Gruppo imprenditoriale di famiglia (Gruppo Franza), che opera nelle seguenti aree di business: trasporti marittimi, ospitalit\u00e0, real estate, industria e telecomunicazioni.<div id=\"div-gpt-ad-Messinaoggi.it-DSK-300x250-corpoart\" style=\"text-align:center;margin:0 auto;\"><\/div><\/p>\n\n\n\n<p>In Confindustria \u00e8 presente dal 1999, quando \u00e8 entrato a far parte per due mandati biennali consecutivi della Giunta di Confindustria Messina. Dal 2003 al 2009 ha ricoperto la carica di vicepresidente dell\u2019associazione territoriale e dal 2009 al 2015 \u00e8 stato componente del Consiglio Direttivo di Confindustria Messina.<div id=\"videoincontent\" style=\"clear:both\";><\/div><\/p>\n\n\n\n<p>Con lui sono stati eletti i componenti del Consiglio di delegazione: Francesco Farilla (A2A Energie Future Spa); Nazzareno Foti (Bisazza Gangi Srl); Marco Bommarito (Fire Spa); Mariano Perroni (Gestam Srl); Sebastiano D\u2019Andrea (I.E.E. Iniziative Energetiche ed Edili); Maurizio Rocco Maiorana (Impresa Maiorana Srl); Carmelo Giuffr\u00e8 (Irritec SpA); Flora Mondello (La Flora Snc); Alessandra Iuculano (Opus Residential Srl); Luca Amoruso (Raffineria di Milazzo Scpa); Mauro Scurria (Sicilferro Torrenovese Srl); Giovanni Vinci (Vinci F.lli &amp; C. Srl).<\/p>\n\n\n\n<p>Pianificazione strategica, sviluppo e promozione del territorio, formazione, attrazione degli investimenti e sblocco delle opere pubbliche anche in vista dei fondi in arrivo del Pnrr, le priorit\u00e0 del neopresidente. Che non ha mancato poi di sottolineare la necessit\u00e0 di riportare in Sicilia i giovani gi\u00e0 formati che hanno poi scelto di spostarsi oltre i confini regionali. \u201cDobbiamo puntare sui nostri giovani \u2013 ha sottolineato Franza \u2013 facendo rientrare le migliori energie che hanno dovuto lasciare la nostra regione, ma che aspettano solo di avere una opportunit\u00e0 per farvi ritorno\u201d.<\/p>\n\n\n\n<p>Un ringraziamento particolare Pietro Franza lo ha poi rivolto a Ivo Blandina per il lavoro svolto finora alla guida dell\u2019associazione. \u201cEredito una associazione coesa e piena di energia \u2013 ha concluso \u2013 e sono davvero orgoglioso di rappresentare una classe imprenditoriale che ogni giorno dimostra di saper andare avanti nonostante le enormi difficolt\u00e0\u201d<\/p>\n\n\n\n<p>Congratulazioni a Franza sono giunte da Gregory Bongiorno, presidente di Sicindustria, e da Alessandro Albanese, presidente di Confindustria Sicilia.<\/p>\n","protected":false},"excerpt":{"rendered":"<p>Pietro Franza \u00e8 il nuovo presidente di Sicindustria Messina. Eletto all\u2019unanimit\u00e0 dall\u2019Assemblea dei soci, guider\u00e0 la delegazione messinese per i prossimi quattro anni. Cinquantadue anni, laureato in Economia e commercio, Franza \u00e8 ai vertici del Gruppo imprenditoriale di famiglia (Gruppo Franza), che opera nelle seguenti aree di business: trasporti marittimi, ospitalit\u00e0, real estate, industria e [&hellip;]<\/p>\n","protected":false},"author":4,"featured_media":5526,"comment_status":"open","ping_status":"open","sticky":false,"template":"","format":"standard","meta":{"ub_ctt_via":"","_mi_skip_tracking":false},"categories":[5],"tags":[3651,1075],"featured_image_src":"https:\/\/www.messinaoggi.it\/website\/wp-content\/uploads\/2017\/07\/pietro-franzaRRP_7837-2.jpg","author_info":{"display_name":"redme","author_link":"https:\/\/www.messinaoggi.it\/website\/author\/redme\/"},"digistream_id":0,"digistream":false,"_links":{"self":[{"href":"https:\/\/www.messinaoggi.it\/website\/wp-json\/wp\/v2\/posts\/90109"}],"collection":[{"href":"https:\/\/www.messinaoggi.it\/website\/wp-json\/wp\/v2\/posts"}],"about":[{"href":"https:\/\/www.messinaoggi.it\/website\/wp-json\/wp\/v2\/types\/post"}],"author":[{"embeddable":true,"href":"https:\/\/www.messinaoggi.it\/website\/wp-json\/wp\/v2\/users\/4"}],"replies":[{"embeddable":true,"href":"https:\/\/www.messinaoggi.it\/website\/wp-json\/wp\/v2\/comments?post=90109"}],"version-history":[{"count":1,"href":"https:\/\/www.messinaoggi.it\/website\/wp-json\/wp\/v2\/posts\/90109\/revisions"}],"predecessor-version":[{"id":90116,"href":"https:\/\/www.messinaoggi.it\/website\/wp-json\/wp\/v2\/posts\/90109\/revisions\/90116"}],"wp:featuredmedia":[{"embeddable":true,"href":"https:\/\/www.messinaoggi.it\/website\/wp-json\/wp\/v2\/media\/5526"}],"wp:attachment":[{"href":"https:\/\/www.messinaoggi.it\/website\/wp-json\/wp\/v2\/media?parent=90109"}],"wp:term":[{"taxonomy":"category","embeddable":true,"href":"https:\/\/www.messinaoggi.it\/website\/wp-json\/wp\/v2\/categories?post=90109"},{"taxonomy":"post_tag","embeddable":true,"href":"https:\/\/www.messinaoggi.it\/website\/wp-json\/wp\/v2\/tags?post=90109"}],"curies":[{"name":"wp","href":"https:\/\/api.w.org\/{rel}","templated":true}]}}