{"id":90056,"date":"2021-12-09T13:07:41","date_gmt":"2021-12-09T12:07:41","guid":{"rendered":"https:\/\/www.messinaoggi.it\/website\/2021\/12\/09\/dalla-malattia-alla-guarigione-una-storia-di-rinascita-in-un-podcast\/"},"modified":"2021-12-09T13:07:41","modified_gmt":"2021-12-09T12:07:41","slug":"dalla-malattia-alla-guarigione-una-storia-di-rinascita-in-un-podcast","status":"publish","type":"post","link":"https:\/\/www.messinaoggi.it\/website\/2021\/12\/09\/dalla-malattia-alla-guarigione-una-storia-di-rinascita-in-un-podcast\/","title":{"rendered":"Dalla malattia alla guarigione, una storia di rinascita in un podcast"},"content":{"rendered":"<div>MILANO (ITALPRESS) &#8211; E&#8217; piena estate quando Eleonora &#8211; trentacinque anni di cui due vissuti con un linfoma molto grave e ora in remissione completa &#8211; accetta di raccontare la sua esperienza con la malattia. Eleonora riceve un microfono e inizia a registrare un diario audio fatto di aneddoti, riflessioni e conversazioni con le persone che le sono state vicino.<br \/>Da questo originale &#8220;esperimento in audio&#8221; nasce &#8220;La Strada Davanti a S\u00e8&#8221;, un podcast di CHORA &#8211; la podcast company italiana, fondata nel 2020 da Guido Maria Brera, Mario Gianani, Roberto Zanco e Mario Calabresi che la dirige &#8211; promosso da Gilead Sciences con il supporto di Honboard per raccontare il cancro senza stereotipi dalla viva voce di chi lo ha incontrato sulla propria strada.<br \/>A raccogliere i pensieri e le parole di Eleonora \u00e8 Carolina Di Domenico, narratrice del podcast che costruisce un dialogo immaginario con la protagonista e si addentra nella sua storia per provare a capire a fondo che cosa succede alla vita quando ci si ritrova davanti a un percorso inaspettato fatto di diagnosi, ospedali, paure e speranze.<br \/>Il legame di Carolina con la protagonista si sviluppa all&#8217;interno di una cartella in cui vengono caricati e raccolti i file mp3 del suo diario. L&#8217;ascoltatore \u00e8 con lei quando, sera dopo sera, torna a casa e clicca &#8220;play&#8221; sui file addentrandosi alla scoperta della vita di Eleonora e del suo rapporto con la malattia.<br \/>Non manca l&#8217;intervento delle voci di famiglia, la mamma Clara e la sorella Marcella, che le sono a fianco nei giorni pi\u00f9 difficili ma soprattutto nel momento pi\u00f9 felice del racconto: quello in cui Eleonora, dopo essersi sottoposta alle nuove terapie a base di cellule Car-T, viene finalmente a sapere che le cure hanno funzionato.<br \/>Per comprendere ancora meglio quali siano le difficolt\u00e0 con cui deve fare i conti ogni malato di cancro, Carolina si confronta anche con alcuni esperti, come il professor Fabio Ciceri, primario di Ematologia e Trapianto di Midollo Osseo e Oncoematologia al IRCCS Ospedale San Raffaele, che spiega in cosa consiste la terapia a cui si \u00e8 sottoposta Eleonora; la professoressa Gabriella Pravettoni, psiconcologa dello IEO, che indaga come cambia anche la vita familiare e sociale dei pazienti oncologici; il dottor Umberto Vitolo, ex primario della divisione di ematologia dell&#8217;ospedale Molinette di Torino e il primo che ha accompagnato Eleonora nel suo percorso verso le terapie Car-T; e Francesca De Vecchi, professoressa di Filosofia all&#8217;Universit\u00e0 San Raffaele di Milano, che ragiona sul concetto di &#8220;empatia&#8221; attraverso la lente del cancro, spesso ancora visto come un tab\u00f9 all&#8217;interno della societ\u00e0 odierna.<br \/>Le voci di Carolina e di Eleonora si alternano e si rincorrono fino al loro primo incontro di persona che avviene nell&#8217;episodio conclusivo. Una puntata che \u00e8 quasi una chiacchierata faccia a faccia tra due amiche che hanno imparato a conoscersi e che riflettono sul senso della strada percorsa durante la malattia e su quella che c&#8217;\u00e8 davanti.<br \/>&#8220;La storia di Eleonora \u00e8 per me, per tutti noi in Gilead, tra le nostre pagine pi\u00f9 belle. Ci ha fatto conoscere le emozioni pi\u00f9 profonde e, infine, la gioia pi\u00f9 grande &#8211; commenta Gemma Saccomanni, Senior Director Public Affairs Gilead Sciences -. Eleonora racconta la sua storia con la delicata guida di Carolina e la cura di Chora, in prima persona, con una voce vera, vibrante, che si interrompe, si spezza per poi rialzarsi, senza arrendersi mai. Il risultato \u00e8 sorprendente e ci consente di &#8216;toccare con man\u00f2 l&#8217;importanza del nostro lavoro quotidiano. il nostro impegno in Gilead, giorno dopo giorno e negli anni a venire, sar\u00e0 quello di offrire il nostro contributo affinch\u00e8 possiamo scrivere sempre nuove pagine di speranza, di guarigione, di maggior tempo da vivere in salute e con gli affetti pi\u00f9 cari. Questo rende il nostro lavoro colmo di valore e responsabilit\u00e0 e restituisce il vero significato del nostro &#8216;Creating Possibil\u00e8&#8221;.<br \/>(ITALPRESS).<\/div>\n<div id=\"div-gpt-ad-Messinaoggi.it-DSK-300x250-corpoart\" style=\"text-align:center;margin:0 auto;\"><\/div><\/p><div id=\"videoincontent\" style=\"clear:both\";><\/div>","protected":false},"excerpt":{"rendered":"<p>MILANO (ITALPRESS) &#8211; E&#8217; piena estate quando Eleonora &#8211; trentacinque anni di cui due vissuti con un linfoma molto grave e ora in remissione completa &#8211; accetta di raccontare la sua esperienza con la malattia. Eleonora riceve un microfono e inizia a registrare un diario audio fatto di aneddoti, riflessioni e conversazioni con le persone [&hellip;]<\/p>\n","protected":false},"author":18,"featured_media":90057,"comment_status":"closed","ping_status":"closed","sticky":false,"template":"","format":"standard","meta":{"ub_ctt_via":"","_mi_skip_tracking":false},"categories":[446],"tags":[783],"featured_image_src":"https:\/\/www.messinaoggi.it\/website\/wp-content\/uploads\/2021\/12\/20211209_0297-300x208-1.jpg","author_info":{"display_name":"Admin","author_link":"https:\/\/www.messinaoggi.it\/website\/author\/admin\/"},"digistream_id":0,"digistream":false,"_links":{"self":[{"href":"https:\/\/www.messinaoggi.it\/website\/wp-json\/wp\/v2\/posts\/90056"}],"collection":[{"href":"https:\/\/www.messinaoggi.it\/website\/wp-json\/wp\/v2\/posts"}],"about":[{"href":"https:\/\/www.messinaoggi.it\/website\/wp-json\/wp\/v2\/types\/post"}],"author":[{"embeddable":true,"href":"https:\/\/www.messinaoggi.it\/website\/wp-json\/wp\/v2\/users\/18"}],"replies":[{"embeddable":true,"href":"https:\/\/www.messinaoggi.it\/website\/wp-json\/wp\/v2\/comments?post=90056"}],"version-history":[{"count":0,"href":"https:\/\/www.messinaoggi.it\/website\/wp-json\/wp\/v2\/posts\/90056\/revisions"}],"wp:featuredmedia":[{"embeddable":true,"href":"https:\/\/www.messinaoggi.it\/website\/wp-json\/wp\/v2\/media\/90057"}],"wp:attachment":[{"href":"https:\/\/www.messinaoggi.it\/website\/wp-json\/wp\/v2\/media?parent=90056"}],"wp:term":[{"taxonomy":"category","embeddable":true,"href":"https:\/\/www.messinaoggi.it\/website\/wp-json\/wp\/v2\/categories?post=90056"},{"taxonomy":"post_tag","embeddable":true,"href":"https:\/\/www.messinaoggi.it\/website\/wp-json\/wp\/v2\/tags?post=90056"}],"curies":[{"name":"wp","href":"https:\/\/api.w.org\/{rel}","templated":true}]}}