{"id":90030,"date":"2021-12-08T21:32:33","date_gmt":"2021-12-08T20:32:33","guid":{"rendered":"https:\/\/www.messinaoggi.it\/website\/2021\/12\/08\/a-palermo-palazzo-reale-illuminato-micciche-regaliamo-ottimismo\/"},"modified":"2021-12-08T21:32:33","modified_gmt":"2021-12-08T20:32:33","slug":"a-palermo-palazzo-reale-illuminato-micciche-regaliamo-ottimismo","status":"publish","type":"post","link":"https:\/\/www.messinaoggi.it\/website\/2021\/12\/08\/a-palermo-palazzo-reale-illuminato-micciche-regaliamo-ottimismo\/","title":{"rendered":"A Palermo Palazzo Reale illuminato, Miccich\u00e8 \u201cRegaliamo ottimismo\u201d"},"content":{"rendered":"<div>\n<p>PALERMO (ITALPRESS) \u2013 Da stasera il prospetto di Palazzo Reale a Palermo sar\u00e0 illuminato di luce, simbolo di rinascita e ripartenza ma anche di festa e di magia.<br \/>\n\u201cSiamo felici di poter regalare luci e ottimismo alla nostra citt\u00e0. Il Palazzo pi\u00f9 bello del mondo sar\u00e0 ancora pi\u00f9 suggestivo\u201d, dice il presidente dell\u2019Assemblea regionale siciliana, Gianfranco Miccich\u00e8.<br \/>\n(ITALPRESS).<div id=\"div-gpt-ad-Messinaoggi.it-DSK-300x250-corpoart\" style=\"text-align:center;margin:0 auto;\"><\/div><\/p>\n<\/div>\n<div id=\"videoincontent\" style=\"clear:both\";><\/div>","protected":false},"excerpt":{"rendered":"<p>PALERMO (ITALPRESS) \u2013 Da stasera il prospetto di Palazzo Reale a Palermo sar\u00e0 illuminato di luce, simbolo di rinascita e ripartenza ma anche di festa e di magia. \u201cSiamo felici di poter regalare luci e ottimismo alla nostra citt\u00e0. Il Palazzo pi\u00f9 bello del mondo sar\u00e0 ancora pi\u00f9 suggestivo\u201d, dice il presidente dell\u2019Assemblea regionale siciliana, [&hellip;]<\/p>\n","protected":false},"author":18,"featured_media":90031,"comment_status":"closed","ping_status":"closed","sticky":false,"template":"","format":"standard","meta":{"ub_ctt_via":"","_mi_skip_tracking":false},"categories":[2449],"tags":[783],"featured_image_src":"https:\/\/www.messinaoggi.it\/website\/wp-content\/uploads\/2021\/12\/micci.jpg","author_info":{"display_name":"Admin","author_link":"https:\/\/www.messinaoggi.it\/website\/author\/admin\/"},"digistream_id":0,"digistream":false,"_links":{"self":[{"href":"https:\/\/www.messinaoggi.it\/website\/wp-json\/wp\/v2\/posts\/90030"}],"collection":[{"href":"https:\/\/www.messinaoggi.it\/website\/wp-json\/wp\/v2\/posts"}],"about":[{"href":"https:\/\/www.messinaoggi.it\/website\/wp-json\/wp\/v2\/types\/post"}],"author":[{"embeddable":true,"href":"https:\/\/www.messinaoggi.it\/website\/wp-json\/wp\/v2\/users\/18"}],"replies":[{"embeddable":true,"href":"https:\/\/www.messinaoggi.it\/website\/wp-json\/wp\/v2\/comments?post=90030"}],"version-history":[{"count":0,"href":"https:\/\/www.messinaoggi.it\/website\/wp-json\/wp\/v2\/posts\/90030\/revisions"}],"wp:featuredmedia":[{"embeddable":true,"href":"https:\/\/www.messinaoggi.it\/website\/wp-json\/wp\/v2\/media\/90031"}],"wp:attachment":[{"href":"https:\/\/www.messinaoggi.it\/website\/wp-json\/wp\/v2\/media?parent=90030"}],"wp:term":[{"taxonomy":"category","embeddable":true,"href":"https:\/\/www.messinaoggi.it\/website\/wp-json\/wp\/v2\/categories?post=90030"},{"taxonomy":"post_tag","embeddable":true,"href":"https:\/\/www.messinaoggi.it\/website\/wp-json\/wp\/v2\/tags?post=90030"}],"curies":[{"name":"wp","href":"https:\/\/api.w.org\/{rel}","templated":true}]}}