{"id":90018,"date":"2021-12-08T16:07:39","date_gmt":"2021-12-08T15:07:39","guid":{"rendered":"https:\/\/www.messinaoggi.it\/website\/2021\/12\/08\/zaki-rettore-bologna-giornata-di-festa-ma-non-abbassare-la-guardia\/"},"modified":"2021-12-08T16:07:39","modified_gmt":"2021-12-08T15:07:39","slug":"zaki-rettore-bologna-giornata-di-festa-ma-non-abbassare-la-guardia","status":"publish","type":"post","link":"https:\/\/www.messinaoggi.it\/website\/2021\/12\/08\/zaki-rettore-bologna-giornata-di-festa-ma-non-abbassare-la-guardia\/","title":{"rendered":"Zaki, rettore Bologna \u201cGiornata di festa ma non abbassare la guardia\u201d"},"content":{"rendered":"<div>BOLOGNA (ITALPRESS) &#8211; &#8220;Nella mattina di ieri, quando i giudici del tribunale speciale di Mansoura hanno disposto il rilascio di Patrick, siamo stati colti da un sentimento di sollievo e di gioia che ha contagiato tutta la nostra comunit\u00e0. La voce \u00e8 corsa di aula in aula, di studio in studio, e tutti siamo stati emozionati e commossi&#8221;. Lo afferma il rettore dell&#8217;Universit\u00e0 di Bologna Giovanni Molari. &#8220;La fine di questa terribile vicenda &#8211; aggiunge &#8211; \u00e8 ora una speranza resa ancora pi\u00f9 concreta dalla sua scarcerazione: le immagini che giungono dall&#8217;Egitto ci colmano di felicit\u00e0. Il nostro ateneo ha lottato fin dal primo giorno, fin da quel lontano 7 febbraio 2020, perch\u00e8 i diritti di Patrick fossero rispettati e per ribadire il nostro sostegno ai diritti fondamentali della persona, alla libert\u00e0 di parola e di insegnamento, e al valore ineguagliabile del pensiero critico. Oggi \u00e8 quindi una giornata di festa, anche se non bisogna abbassare la guardia fino al completo proscioglimento dalle accuse. Speriamo che Patrick possa mettersi alle spalle questi due anni dolorosi e possa tornare presto ai suoi studi qui a Bologna, nella sua universit\u00e0. Il suo posto \u00e8 qui, nella nostra comunit\u00e0, assieme ai suoi compagni e ai docenti che non vedono l&#8217;ora di riabbracciarlo&#8221;. <br \/>Per il delegato per gli studenti Federico Condello &#8220;se ieri \u00e8 stata una giornata di gioia grande, s\u00ec, ma cauta e ancora incredula, oggi possiamo gioire pi\u00f9 apertamente.<br \/>Sappiamo che questo non \u00e8 il traguardo, ma solo un passo verso il traguardo. Per\u00f2 ci conforta immensamente il pensiero dell&#8217;abbraccio che ha riunito Patrick ai suoi cari. E&#8217; un abbraccio cos\u00ec grande che ci sar\u00e0 un posto, ne siamo convinti, per tutti coloro che in questi interminabili mesi hanno invocato la libert\u00e0 di Patrick nelle piazze, nelle strade, sui media.<br \/>Un ringraziamento profondo a tutte le istituzioni, a tutte le associazioni &#8211; Amnesty in testa &#8211; e a tutti gli artisti che sono stati al fianco dell&#8217;Alma Mater in questa battaglia di giustizia&#8221;.<br \/>(ITALPRESS).<\/div>\n<div id=\"div-gpt-ad-Messinaoggi.it-DSK-300x250-corpoart\" style=\"text-align:center;margin:0 auto;\"><\/div><\/p><div id=\"videoincontent\" style=\"clear:both\";><\/div>","protected":false},"excerpt":{"rendered":"<p>BOLOGNA (ITALPRESS) &#8211; &#8220;Nella mattina di ieri, quando i giudici del tribunale speciale di Mansoura hanno disposto il rilascio di Patrick, siamo stati colti da un sentimento di sollievo e di gioia che ha contagiato tutta la nostra comunit\u00e0. La voce \u00e8 corsa di aula in aula, di studio in studio, e tutti siamo stati [&hellip;]<\/p>\n","protected":false},"author":18,"featured_media":90019,"comment_status":"closed","ping_status":"closed","sticky":false,"template":"","format":"standard","meta":{"ub_ctt_via":"","_mi_skip_tracking":false},"categories":[446],"tags":[783],"featured_image_src":"https:\/\/www.messinaoggi.it\/website\/wp-content\/uploads\/2021\/12\/20211208_0489.jpg","author_info":{"display_name":"Admin","author_link":"https:\/\/www.messinaoggi.it\/website\/author\/admin\/"},"digistream_id":0,"digistream":false,"_links":{"self":[{"href":"https:\/\/www.messinaoggi.it\/website\/wp-json\/wp\/v2\/posts\/90018"}],"collection":[{"href":"https:\/\/www.messinaoggi.it\/website\/wp-json\/wp\/v2\/posts"}],"about":[{"href":"https:\/\/www.messinaoggi.it\/website\/wp-json\/wp\/v2\/types\/post"}],"author":[{"embeddable":true,"href":"https:\/\/www.messinaoggi.it\/website\/wp-json\/wp\/v2\/users\/18"}],"replies":[{"embeddable":true,"href":"https:\/\/www.messinaoggi.it\/website\/wp-json\/wp\/v2\/comments?post=90018"}],"version-history":[{"count":0,"href":"https:\/\/www.messinaoggi.it\/website\/wp-json\/wp\/v2\/posts\/90018\/revisions"}],"wp:featuredmedia":[{"embeddable":true,"href":"https:\/\/www.messinaoggi.it\/website\/wp-json\/wp\/v2\/media\/90019"}],"wp:attachment":[{"href":"https:\/\/www.messinaoggi.it\/website\/wp-json\/wp\/v2\/media?parent=90018"}],"wp:term":[{"taxonomy":"category","embeddable":true,"href":"https:\/\/www.messinaoggi.it\/website\/wp-json\/wp\/v2\/categories?post=90018"},{"taxonomy":"post_tag","embeddable":true,"href":"https:\/\/www.messinaoggi.it\/website\/wp-json\/wp\/v2\/tags?post=90018"}],"curies":[{"name":"wp","href":"https:\/\/api.w.org\/{rel}","templated":true}]}}