{"id":90016,"date":"2021-12-08T16:07:38","date_gmt":"2021-12-08T15:07:38","guid":{"rendered":"https:\/\/www.messinaoggi.it\/website\/2021\/12\/08\/europa-league-spalletti-andare-oltre-ai-problemi\/"},"modified":"2021-12-08T16:07:38","modified_gmt":"2021-12-08T15:07:38","slug":"europa-league-spalletti-andare-oltre-ai-problemi","status":"publish","type":"post","link":"https:\/\/www.messinaoggi.it\/website\/2021\/12\/08\/europa-league-spalletti-andare-oltre-ai-problemi\/","title":{"rendered":"Europa League, Spalletti \u201cAndare oltre ai problemi\u201d"},"content":{"rendered":"<div>NAPOLI (ITALPRESS) &#8211; &#8220;Per me l&#8217;unico vero problema del quale mi devo occupare \u00e8 quello dei valori morali dei giocatori e dell&#8217;energia che devono esprimere quando vanno in campo e quando le cose non vanno bene. Da questo punto di vista i miei calciatori sono in salute e non devo andare a cambiare niente. Dobbiamo mantenere la testa lucida e riuscire a riconoscere le potenzialit\u00e0 che abbiamo ancora&#8221;. Lo ha dichiarato in conferenza stampa Luciano Spalletti, alla vigilia del match Napoli-Leicester, decisivo per il passaggio del girone di Europa League. Il tecnico del team azzurro non pensa alle numerose assenze e non vuole alibi. &#8220;La gara contro l&#8217;Atalanta l&#8217;abbiamo fatta in maniera corretta. Non dobbiamo portarci appresso le scorie del risultato, condizionato dagli episodi, ma il passo in avanti fatto dal gruppo. Pensiamo alla prestazione: dobbiamo andare oltre ai problemi&#8221;, ha aggiunto Spalletti.<br \/>&#8220;Quelle come la sfida di domani sera sono partite importanti, che fanno la radiografia all&#8217;anima che hai. Sono gare nelle quali sei costretto a non rimandare gli esiti alla sfida successiva. Dobbiamo esser bravi a resistere alle difficolt\u00e0. Manolas verr\u00e0 in panchina. Non ha i novanta minuti nelle gambe. Vediamo pian piano di poterlo riportare in condizioni fisiche ottimali. Malcuit contro l&#8217;Atalanta ha fatto bene in fase di corsa e velocit\u00e0; quando deve scegliere delle cose invece fa un p\u00f2 di fatica. Ha grande fisicit\u00e0 e reattivit\u00e0. Ha ben figurato, pu\u00f2 farlo anche domani&#8221;, ha concluso Spalletti, a proposito dei singoli.<br \/>(ITALPRESS).<\/div>\n<div id=\"div-gpt-ad-Messinaoggi.it-DSK-300x250-corpoart\" style=\"text-align:center;margin:0 auto;\"><\/div><\/p><div id=\"videoincontent\" style=\"clear:both\";><\/div>","protected":false},"excerpt":{"rendered":"<p>NAPOLI (ITALPRESS) &#8211; &#8220;Per me l&#8217;unico vero problema del quale mi devo occupare \u00e8 quello dei valori morali dei giocatori e dell&#8217;energia che devono esprimere quando vanno in campo e quando le cose non vanno bene. Da questo punto di vista i miei calciatori sono in salute e non devo andare a cambiare niente. Dobbiamo [&hellip;]<\/p>\n","protected":false},"author":18,"featured_media":90017,"comment_status":"closed","ping_status":"closed","sticky":false,"template":"","format":"standard","meta":{"ub_ctt_via":"","_mi_skip_tracking":false},"categories":[446],"tags":[783],"featured_image_src":"https:\/\/www.messinaoggi.it\/website\/wp-content\/uploads\/2021\/12\/20211208_0378.jpg","author_info":{"display_name":"Admin","author_link":"https:\/\/www.messinaoggi.it\/website\/author\/admin\/"},"digistream_id":0,"digistream":false,"_links":{"self":[{"href":"https:\/\/www.messinaoggi.it\/website\/wp-json\/wp\/v2\/posts\/90016"}],"collection":[{"href":"https:\/\/www.messinaoggi.it\/website\/wp-json\/wp\/v2\/posts"}],"about":[{"href":"https:\/\/www.messinaoggi.it\/website\/wp-json\/wp\/v2\/types\/post"}],"author":[{"embeddable":true,"href":"https:\/\/www.messinaoggi.it\/website\/wp-json\/wp\/v2\/users\/18"}],"replies":[{"embeddable":true,"href":"https:\/\/www.messinaoggi.it\/website\/wp-json\/wp\/v2\/comments?post=90016"}],"version-history":[{"count":0,"href":"https:\/\/www.messinaoggi.it\/website\/wp-json\/wp\/v2\/posts\/90016\/revisions"}],"wp:featuredmedia":[{"embeddable":true,"href":"https:\/\/www.messinaoggi.it\/website\/wp-json\/wp\/v2\/media\/90017"}],"wp:attachment":[{"href":"https:\/\/www.messinaoggi.it\/website\/wp-json\/wp\/v2\/media?parent=90016"}],"wp:term":[{"taxonomy":"category","embeddable":true,"href":"https:\/\/www.messinaoggi.it\/website\/wp-json\/wp\/v2\/categories?post=90016"},{"taxonomy":"post_tag","embeddable":true,"href":"https:\/\/www.messinaoggi.it\/website\/wp-json\/wp\/v2\/tags?post=90016"}],"curies":[{"name":"wp","href":"https:\/\/api.w.org\/{rel}","templated":true}]}}