{"id":89993,"date":"2021-12-08T14:07:37","date_gmt":"2021-12-08T13:07:37","guid":{"rendered":"https:\/\/www.messinaoggi.it\/website\/2021\/12\/08\/papa-davanti-a-chi-emigra-non-possiamo-girarci-dallaltra-parte\/"},"modified":"2021-12-08T14:07:37","modified_gmt":"2021-12-08T13:07:37","slug":"papa-davanti-a-chi-emigra-non-possiamo-girarci-dallaltra-parte","status":"publish","type":"post","link":"https:\/\/www.messinaoggi.it\/website\/2021\/12\/08\/papa-davanti-a-chi-emigra-non-possiamo-girarci-dallaltra-parte\/","title":{"rendered":"Papa \u201cdavanti a chi emigra non possiamo girarci dall\u2019altra parte\u201d"},"content":{"rendered":"<div>ROMA (ITALPRESS) &#8211; &#8220;Due giorni fa sono rientrato dal viaggio a Cipro e in Grecia&#8230; Cipro \u00e8 una perla nel Mediterraneo, una perla di rara bellezza, che per\u00f2 porta impressa la ferita del filo spinato, il dolore per un muro che la divide. A Cipro mi sono sentito in famiglia; ho trovato in tutti dei fratelli e delle sorelle&#8230; Il mio augurio per Cipro \u00e8 che sia sempre un laboratorio di fraternit\u00e0, dove l&#8217;incontro prevalga sullo scontro, dove si accoglie il fratello, soprattutto quando \u00e8 povero, scartato, emigrato. Ripeto che davanti alla storia, davanti ai volti di chi emigra, non possiamo tacere, non possiamo girarci dall&#8217;altra parte&#8221;. A dirlo Papa Francesco dopo l&#8217;Angelus da piazza San Pietro.<br \/>&#8220;A Cipro, come a Lesbo &#8211; sottolinea -, ho potuto guardare negli occhi questa sofferenza: per favore, guardiamo negli occhi gli scartati che incontriamo, lasciamoci provocare dai visi dei bambini, figli di migranti disperati. Lasciamoci scavare dentro dalla loro sofferenza per reagire alla nostra indifferenza; guardiamo i loro volti, per risvegliarci dal sonno dell&#8217;abitudine!&#8221;.<br \/>&#8220;Penso poi con gratitudine alla Grecia &#8211; aggiunge -. Anche l\u00ec ho ricevuto un&#8217;accoglienza fraterna. Ad Atene ho sentito di essere immerso nella grandezza della storia, in quella memoria dell&#8217;Europa: umanesimo, democrazia, sapienza, fede. Anche l\u00ec ho provato la mistica dell&#8217;insieme: nell&#8217;incontro con i fratelli Vescovi e la comunit\u00e0 cattolica, nella Messa festosa, celebrata nel giorno del Signore, e poi con i giovani, venuti da tante parti, alcuni da molto lontano per vivere e condividere la gioia del Vangelo&#8221;. <br \/>&#8220;E ancora &#8211; prosegue Papa Francesco -, ho vissuto il dono di abbracciare il caro Arcivescovo ortodosso Ieronymos: prima mi ha accolto a casa sua e il giorno seguente \u00e8 venuto a trovarmi. Custodisco nel cuore questa fraternit\u00e0. Affido alla Santa Madre di Dio i tanti semi di incontro e di speranza che il Signore ha sparso in questo pellegrinaggio. Vi chiedo di continuare a pregare perch\u00e8 germoglino nella pazienza e fioriscano nella fiducia&#8221;.<br \/>(ITALPRESS).<\/div>\n<div id=\"div-gpt-ad-Messinaoggi.it-DSK-300x250-corpoart\" style=\"text-align:center;margin:0 auto;\"><\/div><\/p><div id=\"videoincontent\" style=\"clear:both\";><\/div>","protected":false},"excerpt":{"rendered":"<p>ROMA (ITALPRESS) &#8211; &#8220;Due giorni fa sono rientrato dal viaggio a Cipro e in Grecia&#8230; Cipro \u00e8 una perla nel Mediterraneo, una perla di rara bellezza, che per\u00f2 porta impressa la ferita del filo spinato, il dolore per un muro che la divide. A Cipro mi sono sentito in famiglia; ho trovato in tutti dei [&hellip;]<\/p>\n","protected":false},"author":18,"featured_media":89994,"comment_status":"closed","ping_status":"closed","sticky":false,"template":"","format":"standard","meta":{"ub_ctt_via":"","_mi_skip_tracking":false},"categories":[446],"tags":[783],"featured_image_src":"https:\/\/www.messinaoggi.it\/website\/wp-content\/uploads\/2021\/12\/20211208_0269.jpg","author_info":{"display_name":"Admin","author_link":"https:\/\/www.messinaoggi.it\/website\/author\/admin\/"},"digistream_id":0,"digistream":false,"_links":{"self":[{"href":"https:\/\/www.messinaoggi.it\/website\/wp-json\/wp\/v2\/posts\/89993"}],"collection":[{"href":"https:\/\/www.messinaoggi.it\/website\/wp-json\/wp\/v2\/posts"}],"about":[{"href":"https:\/\/www.messinaoggi.it\/website\/wp-json\/wp\/v2\/types\/post"}],"author":[{"embeddable":true,"href":"https:\/\/www.messinaoggi.it\/website\/wp-json\/wp\/v2\/users\/18"}],"replies":[{"embeddable":true,"href":"https:\/\/www.messinaoggi.it\/website\/wp-json\/wp\/v2\/comments?post=89993"}],"version-history":[{"count":0,"href":"https:\/\/www.messinaoggi.it\/website\/wp-json\/wp\/v2\/posts\/89993\/revisions"}],"wp:featuredmedia":[{"embeddable":true,"href":"https:\/\/www.messinaoggi.it\/website\/wp-json\/wp\/v2\/media\/89994"}],"wp:attachment":[{"href":"https:\/\/www.messinaoggi.it\/website\/wp-json\/wp\/v2\/media?parent=89993"}],"wp:term":[{"taxonomy":"category","embeddable":true,"href":"https:\/\/www.messinaoggi.it\/website\/wp-json\/wp\/v2\/categories?post=89993"},{"taxonomy":"post_tag","embeddable":true,"href":"https:\/\/www.messinaoggi.it\/website\/wp-json\/wp\/v2\/tags?post=89993"}],"curies":[{"name":"wp","href":"https:\/\/api.w.org\/{rel}","templated":true}]}}