{"id":89984,"date":"2021-12-08T13:07:32","date_gmt":"2021-12-08T12:07:32","guid":{"rendered":"https:\/\/www.messinaoggi.it\/website\/2021\/12\/08\/di-maio-partecipa-a-ii-conferenza-italia-asia-centrale-in-formato-15\/"},"modified":"2021-12-08T13:07:32","modified_gmt":"2021-12-08T12:07:32","slug":"di-maio-partecipa-a-ii-conferenza-italia-asia-centrale-in-formato-15","status":"publish","type":"post","link":"https:\/\/www.messinaoggi.it\/website\/2021\/12\/08\/di-maio-partecipa-a-ii-conferenza-italia-asia-centrale-in-formato-15\/","title":{"rendered":"Di Maio partecipa a II conferenza Italia-Asia centrale in formato 1+5"},"content":{"rendered":"<div>ROMA (ITALPRESS) &#8211; Il Ministro Luigi Di Maio, assieme al Sottosegretario Manlio Di Stefano, si \u00e8 recato a Tashkent, Uzbekistan, per presiedere la II Conferenza Italia &#8211; Asia centrale nel formato 1+5 (Italia + Kazakhstan, Kyrgyzstan, Tagikistan, Turkmenistan, Uzbekistan). Lo rende noto la Farnesina, sottolineando in una nota che la Conferenza, organizzata insieme alle Autorit\u00e0 di Tashkent, dopo le restrizioni imposte dal Covid-19, ha consentito di dare continuit\u00e0 all&#8217;azione diplomatica volta a rafforzare la presenza dell&#8217;Italia nella regione e in ciascuno dei 5 Paesi, adottando un approccio regionale rispettoso delle specificit\u00e0 di ciascuno di essi.<br \/>Alla conferenza, si legge nella nota, hanno partecipato in presenza i Ministri degli Esteri di Kazakhstan, Kyrgyzstan, Tagikistan e Uzbekistan e la Rappresentante Speciale dell&#8217;Unione Europea per l&#8217;Asia centrale, Ambasciatrice Hakala. Il Ministro degli Esteri del Turkmenistan, nell&#8217;impossibilit\u00e0 di raggiungere Tashkent, ha inviato un video-messaggio. La conferenza si \u00e8 concentrata sull&#8217;analisi delle nuove opportunit\u00e0 e delle sfide attuali, con particolare riferimento all&#8217;Afghanistan, allo sviluppo della cooperazione economica e commerciale fra Italia e Asia centrale e al rafforzamento della cooperazione internazionale nel settore del contrasto alla pandemia.<br \/>Per parte italiana, hanno partecipato ai lavori il Presidente dell&#8217;Istituto Superiore di Sanit\u00e0 Silvio Brusaferro; il Presidente di ICE-Agenzia Carlo Maria Ferro; l&#8217;Amministratore Delegato di SIMEST Mauro Alfonso, nonch\u00e8 alti funzionari di SACE, Confindustria e The European House Ambrosetti, che ha svolto una presentazione su &#8220;Italy is back on track: recovery, resilience and attractiveness&#8221;.<br \/>Nella sessione economica, moderata dal Vice Ministro uzbeko per investimenti e commercio estero, Obidov, e dal Sottosegretario Di Stefano, sono stati presentati i principali strumenti promozionali e finanziari a disposizione delle aziende per sviluppare ulteriormente la cooperazione economica tra Italia e Asia centrale. Nella sessione dedicata al contrasto alla pandemia sono invece state condivise opportunit\u00e0 per la formazione e la ricerca nel campo della sanit\u00e0 pubblica e della salute.<br \/>A margine dell&#8217;evento, il Ministro Di Maio ha incontrato separatamente i suoi omologhi presenti con i quali ha discusso i principali aspetti delle relazioni bilaterali alla vigilia del 30mo anniversario dello stabilimento dei rapporti diplomatici che ricorre nel 2022. E&#8217; stato concordato di rafforzare a tutto campo i partenariati esistenti, dando priorit\u00e0 alla dimensione politica, economica e culturale. Il titolare della Farnesina ha inoltre avuto un articolato scambio di valutazioni sull&#8217;Afghanistan, tenuto conto che i Paesi dell&#8217;Asia centrale per motivi geografici sono fra i pi\u00f9 esposti alle conseguenze della crisi.<br \/>E&#8217; stata infine organizzata una tavola rotonda, inaugurata dal Sottosegretario Manlio Di Stefano, dedicata alla cooperazione scientifica ed accademica fra l&#8217;Italia e l&#8217;Asia centrale, che ha costituito parte integrante della conferenza. L&#8217;evento \u00e8 stato organizzato dal Centro di Ricerca Marco Polo &#8211; Center for Global Europe-Asia Connections dell&#8217;Universit\u00e0 C\u00e0 Foscari di Venezia e l&#8217;International Institute Center for Global Europe-Asia Connections di Tashkent. Presenti per l&#8217;Italia Filippo Costa Buranelli dell&#8217;Universit\u00e0 St Andrew e membro dell&#8217;Osservatorio Asia Centrale e Caspio, Stefano Pello dell&#8217;Universit\u00e0 C\u00e0 Foscari di Venezia, Maurizio Acciarri dell&#8217;Universit\u00e0 Bicocca di Milano; Silvana Stefani dell&#8217;Universit\u00e0 del Sacro Cuore di Milano e Carlo Frappi dell&#8217;Universit\u00e0 di Venezia. La tavola rotonda, alla quale si sono collegati da remoto membri delle comunit\u00e0 accademiche italiana e centrasiatica, ha permesso di discutere dei temi dei modelli &#8220;governance&#8221; regionale; della cooperazione nella protezione e promozione del patrimonio culturale; di uno sviluppo inclusivo e sostenibile; delle prospettive di ulteriore sviluppo della cooperazione accademica. <br \/>(ITALPRESS).<\/div>\n<div id=\"div-gpt-ad-Messinaoggi.it-DSK-300x250-corpoart\" style=\"text-align:center;margin:0 auto;\"><\/div><\/p><div id=\"videoincontent\" style=\"clear:both\";><\/div>","protected":false},"excerpt":{"rendered":"<p>ROMA (ITALPRESS) &#8211; Il Ministro Luigi Di Maio, assieme al Sottosegretario Manlio Di Stefano, si \u00e8 recato a Tashkent, Uzbekistan, per presiedere la II Conferenza Italia &#8211; Asia centrale nel formato 1+5 (Italia + Kazakhstan, Kyrgyzstan, Tagikistan, Turkmenistan, Uzbekistan). Lo rende noto la Farnesina, sottolineando in una nota che la Conferenza, organizzata insieme alle Autorit\u00e0 [&hellip;]<\/p>\n","protected":false},"author":18,"featured_media":89985,"comment_status":"closed","ping_status":"closed","sticky":false,"template":"","format":"standard","meta":{"ub_ctt_via":"","_mi_skip_tracking":false},"categories":[446],"tags":[783],"featured_image_src":"https:\/\/www.messinaoggi.it\/website\/wp-content\/uploads\/2021\/12\/20211208_0201.jpg","author_info":{"display_name":"Admin","author_link":"https:\/\/www.messinaoggi.it\/website\/author\/admin\/"},"digistream_id":0,"digistream":false,"_links":{"self":[{"href":"https:\/\/www.messinaoggi.it\/website\/wp-json\/wp\/v2\/posts\/89984"}],"collection":[{"href":"https:\/\/www.messinaoggi.it\/website\/wp-json\/wp\/v2\/posts"}],"about":[{"href":"https:\/\/www.messinaoggi.it\/website\/wp-json\/wp\/v2\/types\/post"}],"author":[{"embeddable":true,"href":"https:\/\/www.messinaoggi.it\/website\/wp-json\/wp\/v2\/users\/18"}],"replies":[{"embeddable":true,"href":"https:\/\/www.messinaoggi.it\/website\/wp-json\/wp\/v2\/comments?post=89984"}],"version-history":[{"count":0,"href":"https:\/\/www.messinaoggi.it\/website\/wp-json\/wp\/v2\/posts\/89984\/revisions"}],"wp:featuredmedia":[{"embeddable":true,"href":"https:\/\/www.messinaoggi.it\/website\/wp-json\/wp\/v2\/media\/89985"}],"wp:attachment":[{"href":"https:\/\/www.messinaoggi.it\/website\/wp-json\/wp\/v2\/media?parent=89984"}],"wp:term":[{"taxonomy":"category","embeddable":true,"href":"https:\/\/www.messinaoggi.it\/website\/wp-json\/wp\/v2\/categories?post=89984"},{"taxonomy":"post_tag","embeddable":true,"href":"https:\/\/www.messinaoggi.it\/website\/wp-json\/wp\/v2\/tags?post=89984"}],"curies":[{"name":"wp","href":"https:\/\/api.w.org\/{rel}","templated":true}]}}