{"id":89982,"date":"2021-12-08T12:07:33","date_gmt":"2021-12-08T11:07:33","guid":{"rendered":"https:\/\/www.messinaoggi.it\/website\/2021\/12\/08\/oltre-2-milioni-per-macbeth-in-tv-fuortes-grande-pagina-di-cultura\/"},"modified":"2021-12-08T12:07:33","modified_gmt":"2021-12-08T11:07:33","slug":"oltre-2-milioni-per-macbeth-in-tv-fuortes-grande-pagina-di-cultura","status":"publish","type":"post","link":"https:\/\/www.messinaoggi.it\/website\/2021\/12\/08\/oltre-2-milioni-per-macbeth-in-tv-fuortes-grande-pagina-di-cultura\/","title":{"rendered":"Oltre 2 milioni per Macbeth in Tv, Fuortes: \u201cGrande pagina di cultura\u201d"},"content":{"rendered":"<div>MILANO (ITALPRESS) &#8211; &#8220;E&#8217; stata una grande pagina di servizio pubblico nel segno della cultura e della speranza&#8221;. Cos\u00ec l&#8217;Amministratore delegato della Rai, Carlo Fuortes, commenta il risultato d&#8217;ascolto del Macbeth di Verdi che ha aperto la stagione del Teatro alla Scala, trasmesso da Rai Cultura in diretta su Rai1 e seguito da 2 milioni e 64 mila persone, con uno share del 10,5 per cento.<br \/>&#8220;La missione della Rai &#8211; prosegue Fuortes &#8211; che \u00e8 anche la nostra sfida, \u00e8 quella di portare l&#8217;opera a tutti. Perch\u00e8 la grande musica \u00e8 di tutti. Lo facciamo durante tutto l&#8217;anno, trasmettendo spettacoli e concerti da tutta Italia e anche dall&#8217;estero. Ma una volta l&#8217;anno, il 7 dicembre, lo facciamo ancora pi\u00f9 certi di contribuire alla diffusione della cultura musicale. Un ringraziamento particolare va a tutto lo staff della Rai, impegnato per settimane nelle riprese dello spettacolo. E naturalmente alla Scala, al maestro Riccardo Chailly, al regista Davide Livermore, al cast, all&#8217;orchestra, al coro e a tutte le maestranze coinvolte&#8221;. <br \/>&#8220;Tutti noi siamo stati lontani dai teatri per lunghi mesi, a causa dell&#8217;emergenza sanitaria &#8211; conclude Fuortes &#8211; mesi durante i quali la Rai ha moltiplicato la sua offerta culturale. Oggi deve tornare in ognuno di noi la voglia di andare a teatro. E ci auguriamo che il successo del Macbeth possa contribuire anche a questo&#8221;.<br \/>(ITALPRESS).<\/div>\n<div id=\"div-gpt-ad-Messinaoggi.it-DSK-300x250-corpoart\" style=\"text-align:center;margin:0 auto;\"><\/div><\/p><div id=\"videoincontent\" style=\"clear:both\";><\/div>","protected":false},"excerpt":{"rendered":"<p>MILANO (ITALPRESS) &#8211; &#8220;E&#8217; stata una grande pagina di servizio pubblico nel segno della cultura e della speranza&#8221;. Cos\u00ec l&#8217;Amministratore delegato della Rai, Carlo Fuortes, commenta il risultato d&#8217;ascolto del Macbeth di Verdi che ha aperto la stagione del Teatro alla Scala, trasmesso da Rai Cultura in diretta su Rai1 e seguito da 2 milioni [&hellip;]<\/p>\n","protected":false},"author":18,"featured_media":89983,"comment_status":"closed","ping_status":"closed","sticky":false,"template":"","format":"standard","meta":{"ub_ctt_via":"","_mi_skip_tracking":false},"categories":[446],"tags":[783],"featured_image_src":"https:\/\/www.messinaoggi.it\/website\/wp-content\/uploads\/2021\/12\/20211208_0162.jpg","author_info":{"display_name":"Admin","author_link":"https:\/\/www.messinaoggi.it\/website\/author\/admin\/"},"digistream_id":0,"digistream":false,"_links":{"self":[{"href":"https:\/\/www.messinaoggi.it\/website\/wp-json\/wp\/v2\/posts\/89982"}],"collection":[{"href":"https:\/\/www.messinaoggi.it\/website\/wp-json\/wp\/v2\/posts"}],"about":[{"href":"https:\/\/www.messinaoggi.it\/website\/wp-json\/wp\/v2\/types\/post"}],"author":[{"embeddable":true,"href":"https:\/\/www.messinaoggi.it\/website\/wp-json\/wp\/v2\/users\/18"}],"replies":[{"embeddable":true,"href":"https:\/\/www.messinaoggi.it\/website\/wp-json\/wp\/v2\/comments?post=89982"}],"version-history":[{"count":0,"href":"https:\/\/www.messinaoggi.it\/website\/wp-json\/wp\/v2\/posts\/89982\/revisions"}],"wp:featuredmedia":[{"embeddable":true,"href":"https:\/\/www.messinaoggi.it\/website\/wp-json\/wp\/v2\/media\/89983"}],"wp:attachment":[{"href":"https:\/\/www.messinaoggi.it\/website\/wp-json\/wp\/v2\/media?parent=89982"}],"wp:term":[{"taxonomy":"category","embeddable":true,"href":"https:\/\/www.messinaoggi.it\/website\/wp-json\/wp\/v2\/categories?post=89982"},{"taxonomy":"post_tag","embeddable":true,"href":"https:\/\/www.messinaoggi.it\/website\/wp-json\/wp\/v2\/tags?post=89982"}],"curies":[{"name":"wp","href":"https:\/\/api.w.org\/{rel}","templated":true}]}}