{"id":89970,"date":"2021-12-08T09:54:49","date_gmt":"2021-12-08T08:54:49","guid":{"rendered":"http:\/\/www.messinaoggi.it\/website\/?p=89970"},"modified":"2021-12-08T10:07:54","modified_gmt":"2021-12-08T09:07:54","slug":"madonna-della-lettera-al-buio-gioveni-si-riattivi-lilluminazione","status":"publish","type":"post","link":"https:\/\/www.messinaoggi.it\/website\/2021\/12\/08\/madonna-della-lettera-al-buio-gioveni-si-riattivi-lilluminazione\/","title":{"rendered":"Madonna della Lettera al buio, Gioveni: &#8220;Si riattivi l&#8217;illuminazione&#8221;"},"content":{"rendered":"\n<p>Il consigliere comunale Libero Gioveni ha chiesto all&#8217;assessore alle politiche energetiche Francesco Caminiti di attivarsi con chi di competenza per il ripristino dell&#8217;illuminazione della Madonna della Lettera, sprofondata nel buio da almeno una decina di giorni. Fa male al cuore di tutti i Messinesi &#8211; afferma Gioveni &#8211; che il simbolo pi\u00f9 importante della nostra citt\u00e0, proprio nel giorno dell&#8217;Immacolata Concezione, sia spento nella sua interezza, tanto da fare sembrare scomparsi tutta la stele con la scritta e la statua!Fa davvero specie tra l&#8217;altro &#8211; prosegue il consigliere &#8211; che mentre nella giornata di oggi si accendono le luminarie per l&#8217;avvio ufficiale del periodo natalizio unite alla gi\u00e0 illuminata ruota panoramica, ci\u00f2 che invece dovrebbe sempre illuminare il nostro Stretto, sia totalmente al buio!<div id=\"div-gpt-ad-Messinaoggi.it-DSK-300x250-corpoart\" style=\"text-align:center;margin:0 auto;\"><\/div><\/p>\n\n\n\n<p>Mi auguro quindi che si provveda al pi\u00f9 presto &#8211; conclude Gioveni &#8211; a rendere di nuovo visibile e luminosa di sera la nostra patrona, cos\u00eccch\u00e8 i Messinesi possano godere del pi\u00f9 importante punto di riferimento a cui poter affidare, specie quelli credenti, le loro intenzioni e preghiere&#8221;.<div id=\"videoincontent\" style=\"clear:both\";><\/div><\/p>\n","protected":false},"excerpt":{"rendered":"<p>Il consigliere comunale Libero Gioveni ha chiesto all&#8217;assessore alle politiche energetiche Francesco Caminiti di attivarsi con chi di competenza per il ripristino dell&#8217;illuminazione della Madonna della Lettera, sprofondata nel buio da almeno una decina di giorni. Fa male al cuore di tutti i Messinesi &#8211; afferma Gioveni &#8211; che il simbolo pi\u00f9 importante della nostra [&hellip;]<\/p>\n","protected":false},"author":4,"featured_media":67358,"comment_status":"open","ping_status":"open","sticky":false,"template":"","format":"standard","meta":{"ub_ctt_via":"","_mi_skip_tracking":false},"categories":[6],"tags":[740,2075],"featured_image_src":"https:\/\/www.messinaoggi.it\/website\/wp-content\/uploads\/2021\/06\/Madonna-della-Lettera-porto.jpg","author_info":{"display_name":"redme","author_link":"https:\/\/www.messinaoggi.it\/website\/author\/redme\/"},"digistream_id":0,"digistream":false,"_links":{"self":[{"href":"https:\/\/www.messinaoggi.it\/website\/wp-json\/wp\/v2\/posts\/89970"}],"collection":[{"href":"https:\/\/www.messinaoggi.it\/website\/wp-json\/wp\/v2\/posts"}],"about":[{"href":"https:\/\/www.messinaoggi.it\/website\/wp-json\/wp\/v2\/types\/post"}],"author":[{"embeddable":true,"href":"https:\/\/www.messinaoggi.it\/website\/wp-json\/wp\/v2\/users\/4"}],"replies":[{"embeddable":true,"href":"https:\/\/www.messinaoggi.it\/website\/wp-json\/wp\/v2\/comments?post=89970"}],"version-history":[{"count":1,"href":"https:\/\/www.messinaoggi.it\/website\/wp-json\/wp\/v2\/posts\/89970\/revisions"}],"predecessor-version":[{"id":89971,"href":"https:\/\/www.messinaoggi.it\/website\/wp-json\/wp\/v2\/posts\/89970\/revisions\/89971"}],"wp:featuredmedia":[{"embeddable":true,"href":"https:\/\/www.messinaoggi.it\/website\/wp-json\/wp\/v2\/media\/67358"}],"wp:attachment":[{"href":"https:\/\/www.messinaoggi.it\/website\/wp-json\/wp\/v2\/media?parent=89970"}],"wp:term":[{"taxonomy":"category","embeddable":true,"href":"https:\/\/www.messinaoggi.it\/website\/wp-json\/wp\/v2\/categories?post=89970"},{"taxonomy":"post_tag","embeddable":true,"href":"https:\/\/www.messinaoggi.it\/website\/wp-json\/wp\/v2\/tags?post=89970"}],"curies":[{"name":"wp","href":"https:\/\/api.w.org\/{rel}","templated":true}]}}