{"id":89960,"date":"2021-12-08T09:07:35","date_gmt":"2021-12-08T08:07:35","guid":{"rendered":"https:\/\/www.messinaoggi.it\/website\/2021\/12\/08\/manovra-landini-sono-i-partiti-ad-avere-bloccato-draghi\/"},"modified":"2021-12-08T09:07:35","modified_gmt":"2021-12-08T08:07:35","slug":"manovra-landini-sono-i-partiti-ad-avere-bloccato-draghi","status":"publish","type":"post","link":"https:\/\/www.messinaoggi.it\/website\/2021\/12\/08\/manovra-landini-sono-i-partiti-ad-avere-bloccato-draghi\/","title":{"rendered":"Manovra, Landini: \u201cSono i partiti ad avere bloccato Draghi\u201d"},"content":{"rendered":"<div>ROMA (ITALPRESS) &#8211; &#8220;Scioperiamo perch\u00e8 quella del governo \u00e8 una manovra socialmente ingiusta e vogliamo cambiarla: ignora la condizione in cui vive la stragrande maggioranza dei lavoratori dipendenti e dei pensionati e il punto di vista di chi li rappresenta\u00bb. Cos\u00ec, in un&#8217;intervista a la Repubblica, il segretario generale della Cgil, Maurizio Landini, il giorno dopo lo strappo con il governo e con la Cisl.<br \/>&#8220;Il governo da mesi ha ricevuto le nostre richieste unitarie su fisco, pensioni, politiche industriali e lotta alla precariet\u00e0 &#8211; spiega -. Le risposte non sono adeguate&#8221;. &#8220;La pandemia &#8211; sottolinea Landini &#8211; non ha sospeso i diritti costituzionali e lo sciopero \u00e8 un diritto riconosciuto dalla nostra Carta fondamentale. Abbiamo deciso di proclamare lo sciopero generale perch\u00e8 la legge di Bilancio in discussione in Parlamento non produce quella giustizia sociale di cui il Paese ha bisogno. C&#8217;\u00e8 giustizia quando il lavoro \u00e8 sempre pi\u00f9 precario? C&#8217;\u00e8 giustizia quando i lavoratori che guadagnano meno producono ricchezza che viene redistribuita agli altri che stanno meglio? C&#8217;\u00e8 giustizia quando i giovani e le donne continuano a non trovare un lavoro dignitoso? C&#8217;\u00e8 giustizia se la lotta all&#8217;evasione fiscale rimane una chimera? C&#8217;\u00e8 giustizia quando le rendite finanziarie continuano ad avere un trattamento fiscale privilegiato? Le faccio un esempio: una commessa di un supermercato che durante questo periodo ha continuato a lavorare, garantendo il servizio anche quando il Paese era in lockdown, non arriva a prendere 20 mila euro lordi l&#8217;anno, la met\u00e0 se ha un contratto part time. Ed avr\u00e0 un riconoscimento fiscale di poco superiore ai 100 euro annui, mentre chi prende tre volte il suo reddito ne ricever\u00e0 oltre 600&#8221;.<br \/>In merito alle detrazioni fiscali, aggiunge, &#8220;il governo ci ha detto che saranno interventi limitati perch\u00e8 qualcuno altrimenti potrebbe perderci. Noi, al contrario, avevamo proposto un intervento sulle detrazioni e non sulle aliquote per far crescere i redditi a partire da quelli pi\u00f9 bassi&#8221;.<br \/>Secondo Landini la manovra del governo \u00e8 socialmente ingiusta &#8220;sulle pensioni, lo \u00e8 sul lavoro, lo \u00e8 sul piano fiscale&#8221;. &#8220;Il presidente Draghi &#8211; sottolinea &#8211; ha tentato di proporre un punto di mediazione con la sua maggioranza avanzando l&#8217;idea di escludere per un anno dal beneficio fiscale i redditi oltre i 75 mila euro. Su questo \u00e8 stato brutalmente messo in minoranza dai partiti della sua maggioranza. Questo E&#8217; un problema molto serio: in questo Paese la maggioranza che sostiene il governo non sa cosa vuole dire vivere con 20, massimo 30 mila euro all&#8217;anno. La riforma fiscale del governo \u00e8 profondamente sbagliata perch\u00e8 anzich\u00e8 ridurre le aliquote andava allargata la base imponibile dell&#8217;Irpef e accentuata la progressivit\u00e0 del sistema&#8221;.<br \/>&#8220;Lo sciopero &#8211; prosegue &#8211; \u00e8 per difendere gli interessi delle lavoratrici, dei lavoratori e di tutti i pensionati. Abbiamo preso atto che la maggioranza non intendeva cambiare l&#8217;accordo fatto sul fisco e che aveva respinto anche la proposta del presidente del Consiglio. Dunque, ricorriamo allo sciopero perch\u00e8 si sono chiusi gli spazi di confronto e il sindacato deve fare tutto il possibile per portare a casa risultati a favore di chi rappresenta. Scioperiamo per la riforma delle pensioni, per superare la precariet\u00e0 del lavoro, per nuove politiche industriali, e per una migliore scuola pubblica&#8221;. Per quanto riguarda Draghi, &#8220;non \u00e8 in discussione l&#8217;autorevolezza che ha dato al Paese&#8221;. Ed in merito alla rottura dell&#8217;unit\u00e0 sindacale, dichiara: &#8220;Noi scioperiamo sostenendo le ragioni della piattaforma unitaria scritta anche con la Cisl. Siamo coerenti con quello che avevano deciso insieme e cos\u00ec del resto ha scelto anche la Uil. In ogni caso per quello che ci riguarda l&#8217;azione sindacale non finisce con la legge di Bilancio&#8221;.<br \/>(ITALPRESS).<\/div>\n<div id=\"div-gpt-ad-Messinaoggi.it-DSK-300x250-corpoart\" style=\"text-align:center;margin:0 auto;\"><\/div><\/p><div id=\"videoincontent\" style=\"clear:both\";><\/div>","protected":false},"excerpt":{"rendered":"<p>ROMA (ITALPRESS) &#8211; &#8220;Scioperiamo perch\u00e8 quella del governo \u00e8 una manovra socialmente ingiusta e vogliamo cambiarla: ignora la condizione in cui vive la stragrande maggioranza dei lavoratori dipendenti e dei pensionati e il punto di vista di chi li rappresenta\u00bb. Cos\u00ec, in un&#8217;intervista a la Repubblica, il segretario generale della Cgil, Maurizio Landini, il giorno [&hellip;]<\/p>\n","protected":false},"author":18,"featured_media":89961,"comment_status":"closed","ping_status":"closed","sticky":false,"template":"","format":"standard","meta":{"ub_ctt_via":"","_mi_skip_tracking":false},"categories":[446],"tags":[783],"featured_image_src":"https:\/\/www.messinaoggi.it\/website\/wp-content\/uploads\/2021\/12\/20211208_0069.jpg","author_info":{"display_name":"Admin","author_link":"https:\/\/www.messinaoggi.it\/website\/author\/admin\/"},"digistream_id":0,"digistream":false,"_links":{"self":[{"href":"https:\/\/www.messinaoggi.it\/website\/wp-json\/wp\/v2\/posts\/89960"}],"collection":[{"href":"https:\/\/www.messinaoggi.it\/website\/wp-json\/wp\/v2\/posts"}],"about":[{"href":"https:\/\/www.messinaoggi.it\/website\/wp-json\/wp\/v2\/types\/post"}],"author":[{"embeddable":true,"href":"https:\/\/www.messinaoggi.it\/website\/wp-json\/wp\/v2\/users\/18"}],"replies":[{"embeddable":true,"href":"https:\/\/www.messinaoggi.it\/website\/wp-json\/wp\/v2\/comments?post=89960"}],"version-history":[{"count":0,"href":"https:\/\/www.messinaoggi.it\/website\/wp-json\/wp\/v2\/posts\/89960\/revisions"}],"wp:featuredmedia":[{"embeddable":true,"href":"https:\/\/www.messinaoggi.it\/website\/wp-json\/wp\/v2\/media\/89961"}],"wp:attachment":[{"href":"https:\/\/www.messinaoggi.it\/website\/wp-json\/wp\/v2\/media?parent=89960"}],"wp:term":[{"taxonomy":"category","embeddable":true,"href":"https:\/\/www.messinaoggi.it\/website\/wp-json\/wp\/v2\/categories?post=89960"},{"taxonomy":"post_tag","embeddable":true,"href":"https:\/\/www.messinaoggi.it\/website\/wp-json\/wp\/v2\/tags?post=89960"}],"curies":[{"name":"wp","href":"https:\/\/api.w.org\/{rel}","templated":true}]}}