{"id":89950,"date":"2021-12-08T00:07:33","date_gmt":"2021-12-07T23:07:33","guid":{"rendered":"https:\/\/www.messinaoggi.it\/website\/2021\/12\/07\/centrodestra-berlusconi-scelta-di-campo-irreversibile\/"},"modified":"2021-12-08T09:03:46","modified_gmt":"2021-12-08T08:03:46","slug":"centrodestra-berlusconi-scelta-di-campo-irreversibile","status":"publish","type":"post","link":"https:\/\/www.messinaoggi.it\/website\/2021\/12\/08\/centrodestra-berlusconi-scelta-di-campo-irreversibile\/","title":{"rendered":"Centrodestra, Berlusconi \u201cScelta di campo irreversibile\u201d"},"content":{"rendered":"<div>ROMA (ITALPRESS) &#8211; &#8220;Sono orgoglioso di essere alleato in un centrodestra che \u00e8 una scelta di campo irreversibile&#8221;. Lo ha detto il presidente di Forza Italia, Silvio Berlusconi, in un intervento telefonico ad Atreju. &#8220;Un cammino che dura da quasi 28 anni che costituir\u00e0 il futuro della politica&#8221;, ha aggiunto.<br \/>&#8220;Il bipolarismo \u00e8 nato quando il centro moderato che Forza Italia rappresenta ha incontrato la destra democratica e il federalismo della Lega. Da allora \u00e8 cominciato un cammino che dura da 28 anni e che costituir\u00e0 il futuro della politica italiana. Un bipolarismo che non dovr\u00e0 tornare ai toni rabbiosi del passato, non dovr\u00e0 diventare un tentativo di distruggere il nemico, ma dovr\u00e0 essere un civile confronto con l&#8217;avversario per affermare le idee migliori per l&#8217;Italia, e non ho dubbi che le idee migliori siano le nostre. Le idee con le quali nel 2023 il centrodestra si candida a tornare al governo del Paese&#8221;, ha poi sottolineato. Per Berlusconi &#8220;la politica non deve essere un esercizio autoreferenziale, non deve essere il teatrino della politica che parla solo a se stessa, per tornare ad appassionare gli italiani deve pensare ai temi veri che riguardano gli italiani&#8221;. Infine, il leader di Fi ha annunciato: &#8220;Attendo di sapere quando potr\u00f2 venire a firmare la vostra petizione per l&#8217;elezione diretta del capo dello Stato&#8221;. <br \/>(ITALPRESS).<\/div>\n<div id=\"div-gpt-ad-Messinaoggi.it-DSK-300x250-corpoart\" style=\"text-align:center;margin:0 auto;\"><\/div><\/p><div id=\"videoincontent\" style=\"clear:both\";><\/div>","protected":false},"excerpt":{"rendered":"<p>ROMA (ITALPRESS) &#8211; &#8220;Sono orgoglioso di essere alleato in un centrodestra che \u00e8 una scelta di campo irreversibile&#8221;. Lo ha detto il presidente di Forza Italia, Silvio Berlusconi, in un intervento telefonico ad Atreju. &#8220;Un cammino che dura da quasi 28 anni che costituir\u00e0 il futuro della politica&#8221;, ha aggiunto.&#8220;Il bipolarismo \u00e8 nato quando il [&hellip;]<\/p>\n","protected":false},"author":18,"featured_media":89951,"comment_status":"closed","ping_status":"closed","sticky":false,"template":"","format":"standard","meta":{"ub_ctt_via":"","_mi_skip_tracking":false},"categories":[446,4],"tags":[783],"featured_image_src":"https:\/\/www.messinaoggi.it\/website\/wp-content\/uploads\/2021\/12\/20211207_2327.jpg","author_info":{"display_name":"Admin","author_link":"https:\/\/www.messinaoggi.it\/website\/author\/admin\/"},"digistream_id":0,"digistream":false,"_links":{"self":[{"href":"https:\/\/www.messinaoggi.it\/website\/wp-json\/wp\/v2\/posts\/89950"}],"collection":[{"href":"https:\/\/www.messinaoggi.it\/website\/wp-json\/wp\/v2\/posts"}],"about":[{"href":"https:\/\/www.messinaoggi.it\/website\/wp-json\/wp\/v2\/types\/post"}],"author":[{"embeddable":true,"href":"https:\/\/www.messinaoggi.it\/website\/wp-json\/wp\/v2\/users\/18"}],"replies":[{"embeddable":true,"href":"https:\/\/www.messinaoggi.it\/website\/wp-json\/wp\/v2\/comments?post=89950"}],"version-history":[{"count":1,"href":"https:\/\/www.messinaoggi.it\/website\/wp-json\/wp\/v2\/posts\/89950\/revisions"}],"predecessor-version":[{"id":89957,"href":"https:\/\/www.messinaoggi.it\/website\/wp-json\/wp\/v2\/posts\/89950\/revisions\/89957"}],"wp:featuredmedia":[{"embeddable":true,"href":"https:\/\/www.messinaoggi.it\/website\/wp-json\/wp\/v2\/media\/89951"}],"wp:attachment":[{"href":"https:\/\/www.messinaoggi.it\/website\/wp-json\/wp\/v2\/media?parent=89950"}],"wp:term":[{"taxonomy":"category","embeddable":true,"href":"https:\/\/www.messinaoggi.it\/website\/wp-json\/wp\/v2\/categories?post=89950"},{"taxonomy":"post_tag","embeddable":true,"href":"https:\/\/www.messinaoggi.it\/website\/wp-json\/wp\/v2\/tags?post=89950"}],"curies":[{"name":"wp","href":"https:\/\/api.w.org\/{rel}","templated":true}]}}