{"id":89948,"date":"2021-12-07T22:07:38","date_gmt":"2021-12-07T21:07:38","guid":{"rendered":"https:\/\/www.messinaoggi.it\/website\/2021\/12\/07\/manovra-sbarra-sciopero-un-errore-sbagliato-nel-metodo-e-merito\/"},"modified":"2021-12-07T22:07:38","modified_gmt":"2021-12-07T21:07:38","slug":"manovra-sbarra-sciopero-un-errore-sbagliato-nel-metodo-e-merito","status":"publish","type":"post","link":"https:\/\/www.messinaoggi.it\/website\/2021\/12\/07\/manovra-sbarra-sciopero-un-errore-sbagliato-nel-metodo-e-merito\/","title":{"rendered":"Manovra, Sbarra \u201cSciopero un errore, sbagliato nel metodo e merito\u201d"},"content":{"rendered":"<div>ROMA (ITALPRESS) &#8211; &#8220;Consideriamo lo sciopero generale un errore, una scelta sbagliata nel metodo e nel merito. Nel metodo perch\u00e8 il Paese \u00e8 stretto nella morsa della pandemia e cerca un rilancio dell&#8217;economia; sbagliata nel merito perch\u00e8 la mobilitazione responsabile e costruttiva ha agevolato il dialogo sociale con il governo, che ha prodotto un avanzamento sui contenuti della manovra davvero importanti. La manovra che viene discussa in Parlamento \u00e8 diversa da quella che \u00e8 stata presentata un mese fa, grazie al dialogo l&#8217;abbiamo cambiata, sul fisco c&#8217;\u00e8 una riduzione delle tasse ai lavoratori, pensionati e famiglie, c&#8217;\u00e8 un intervento di riduzione dei contributi che i lavoratori pagano ogni mese&#8221;. Cos\u00ec, ospite al Tg4, il segretario generale della Cisl Luigi Sbarra. &#8220;C&#8217;\u00e8 un impegno &#8211; prosegue Sbarra &#8211; a rivalutare l&#8217;indicizzazione delle pensioni nel 2022, ad alzare la no tax area per i pensionati. Abbiamo conquistato risultati importanti, cos\u00ec pure per gli ammortizzatori sociali. Il governo ci aveva detto a ottobre che la dotazione finanziaria era di 3 miliardi, oggi ne troviamo 5,5 miliardi che rende il sistema solidaristico e inclusivo&#8221;.<br \/>(ITALPRESS).<\/div>\n<div id=\"div-gpt-ad-Messinaoggi.it-DSK-300x250-corpoart\" style=\"text-align:center;margin:0 auto;\"><\/div><\/p><div id=\"videoincontent\" style=\"clear:both\";><\/div>","protected":false},"excerpt":{"rendered":"<p>ROMA (ITALPRESS) &#8211; &#8220;Consideriamo lo sciopero generale un errore, una scelta sbagliata nel metodo e nel merito. Nel metodo perch\u00e8 il Paese \u00e8 stretto nella morsa della pandemia e cerca un rilancio dell&#8217;economia; sbagliata nel merito perch\u00e8 la mobilitazione responsabile e costruttiva ha agevolato il dialogo sociale con il governo, che ha prodotto un avanzamento [&hellip;]<\/p>\n","protected":false},"author":18,"featured_media":89949,"comment_status":"closed","ping_status":"closed","sticky":false,"template":"","format":"standard","meta":{"ub_ctt_via":"","_mi_skip_tracking":false},"categories":[446],"tags":[783],"featured_image_src":"https:\/\/www.messinaoggi.it\/website\/wp-content\/uploads\/2021\/12\/20211207_2298.jpg","author_info":{"display_name":"Admin","author_link":"https:\/\/www.messinaoggi.it\/website\/author\/admin\/"},"digistream_id":0,"digistream":false,"_links":{"self":[{"href":"https:\/\/www.messinaoggi.it\/website\/wp-json\/wp\/v2\/posts\/89948"}],"collection":[{"href":"https:\/\/www.messinaoggi.it\/website\/wp-json\/wp\/v2\/posts"}],"about":[{"href":"https:\/\/www.messinaoggi.it\/website\/wp-json\/wp\/v2\/types\/post"}],"author":[{"embeddable":true,"href":"https:\/\/www.messinaoggi.it\/website\/wp-json\/wp\/v2\/users\/18"}],"replies":[{"embeddable":true,"href":"https:\/\/www.messinaoggi.it\/website\/wp-json\/wp\/v2\/comments?post=89948"}],"version-history":[{"count":0,"href":"https:\/\/www.messinaoggi.it\/website\/wp-json\/wp\/v2\/posts\/89948\/revisions"}],"wp:featuredmedia":[{"embeddable":true,"href":"https:\/\/www.messinaoggi.it\/website\/wp-json\/wp\/v2\/media\/89949"}],"wp:attachment":[{"href":"https:\/\/www.messinaoggi.it\/website\/wp-json\/wp\/v2\/media?parent=89948"}],"wp:term":[{"taxonomy":"category","embeddable":true,"href":"https:\/\/www.messinaoggi.it\/website\/wp-json\/wp\/v2\/categories?post=89948"},{"taxonomy":"post_tag","embeddable":true,"href":"https:\/\/www.messinaoggi.it\/website\/wp-json\/wp\/v2\/tags?post=89948"}],"curies":[{"name":"wp","href":"https:\/\/api.w.org\/{rel}","templated":true}]}}