{"id":899,"date":"2017-05-29T13:20:26","date_gmt":"2017-05-29T11:20:26","guid":{"rendered":"http:\/\/www.messinaoggi.it\/website\/?p=899"},"modified":"2017-05-29T13:20:26","modified_gmt":"2017-05-29T11:20:26","slug":"clan-degli-attori-presenta-emigranti","status":"publish","type":"post","link":"https:\/\/www.messinaoggi.it\/website\/2017\/05\/29\/clan-degli-attori-presenta-emigranti\/","title":{"rendered":"Clan degli attori presenta Emigranti"},"content":{"rendered":"<p>Tutto \u00e8 gi\u00e0 pronto al Clan Off Teatro per accogliere una nuova\u00a0 prima nazionale dal titolo Emigranti che andr\u00e0 in scena domani alle ore 21.30 e domenica alle ore 18.30, nell\u2019ambito della stagione \u201c\u00c8 tempo di teatro\u201d, diretta da Mauro Failla e Giovanni Maria Curr\u00f2.<br \/>\nScritta da S\u0142awomir Mro\u017cek e diretta da Paolo Orlandelli, la pi\u00e8ce proporr\u00e0 uno\u00a0 dei lavori pi\u00f9 pungenti e amari del drammaturgo, giornalista e vignettista satirico polacco, che condurr\u00e0 lo spettatore in un sottoscala di una grande citt\u00e0 \u201coccidentale\u201d, come potrebbe essere Roma, Parigi, New York, Buenos Aires.<br \/>\nUn \u201cnon luogo\u201d in cui la miseria non \u00e8 una parola da tradurre ma un dato di fatto di quotidianit\u00e0 disperate. All\u2019interno di questo ambiente privo di finestre si muovono due personaggi indicati nel testo con i nomi convenzionali di \u201cAa\u201d ed \u201cXx\u201d. Due nomi agli antipodi per estrazione sociale, culturale, speranze e stile di vita. Quello che per\u00f2, pur unendoli, li differenzia in maniera profonda, \u00e8 l\u2019esperienza dell\u2019emigrazione, che ha messo insieme in maniera paradossale \u201cun uomo del popolo\u201d che ha lasciato la patria per ragioni economiche ed un \u201cintellettuale\u201d che \u00e8 invece fuggito per motivi politici.<br \/>\nDue mondi che normalmente non si sarebbero mai incontrati vengono cos\u00ec accostati dalla necessit\u00e0 e la situazione che ne scaturisce diviene potenzialmente distruttiva per entrambi. Un tema quanto mai attuale, segno che le migrazioni hanno, da sempre, caratterizzato la storia dell\u2019uomo, con il loro carico di disperazione, solitudine, travaglio, alla ricerca di un presente e un futuro migliori.<br \/>\nA dare voce e corpo a questa storia di forte impatto emotivo due grandi artisti, Ivan Giambirtone e Rosario Altavilla, \u00a0\u00a0che faranno vivere al loro pubblico momenti di grande emozione.<div id=\"div-gpt-ad-Messinaoggi.it-DSK-300x250-corpoart\" style=\"text-align:center;margin:0 auto;\"><\/div><\/p>\n<div id=\"videoincontent\" style=\"clear:both\";><\/div>","protected":false},"excerpt":{"rendered":"<p>Tutto \u00e8 gi\u00e0 pronto al Clan Off Teatro per accogliere una nuova\u00a0 prima nazionale dal titolo Emigranti che andr\u00e0 in scena domani alle ore 21.30 e domenica alle ore 18.30, nell\u2019ambito della stagione \u201c\u00c8 tempo di teatro\u201d, diretta da Mauro Failla e Giovanni Maria Curr\u00f2. Scritta da S\u0142awomir Mro\u017cek e diretta da Paolo Orlandelli, la [&hellip;]<\/p>\n","protected":false},"author":5,"featured_media":900,"comment_status":"closed","ping_status":"open","sticky":false,"template":"","format":"standard","meta":{"ub_ctt_via":"","_mi_skip_tracking":false},"categories":[17],"tags":[],"featured_image_src":"https:\/\/www.messinaoggi.it\/website\/wp-content\/uploads\/2017\/05\/Emigranti-1-2.jpg","author_info":{"display_name":"Maria Antonella Saia","author_link":"https:\/\/www.messinaoggi.it\/website\/author\/m-saia\/"},"digistream_id":0,"digistream":false,"_links":{"self":[{"href":"https:\/\/www.messinaoggi.it\/website\/wp-json\/wp\/v2\/posts\/899"}],"collection":[{"href":"https:\/\/www.messinaoggi.it\/website\/wp-json\/wp\/v2\/posts"}],"about":[{"href":"https:\/\/www.messinaoggi.it\/website\/wp-json\/wp\/v2\/types\/post"}],"author":[{"embeddable":true,"href":"https:\/\/www.messinaoggi.it\/website\/wp-json\/wp\/v2\/users\/5"}],"replies":[{"embeddable":true,"href":"https:\/\/www.messinaoggi.it\/website\/wp-json\/wp\/v2\/comments?post=899"}],"version-history":[{"count":0,"href":"https:\/\/www.messinaoggi.it\/website\/wp-json\/wp\/v2\/posts\/899\/revisions"}],"wp:featuredmedia":[{"embeddable":true,"href":"https:\/\/www.messinaoggi.it\/website\/wp-json\/wp\/v2\/media\/900"}],"wp:attachment":[{"href":"https:\/\/www.messinaoggi.it\/website\/wp-json\/wp\/v2\/media?parent=899"}],"wp:term":[{"taxonomy":"category","embeddable":true,"href":"https:\/\/www.messinaoggi.it\/website\/wp-json\/wp\/v2\/categories?post=899"},{"taxonomy":"post_tag","embeddable":true,"href":"https:\/\/www.messinaoggi.it\/website\/wp-json\/wp\/v2\/tags?post=899"}],"curies":[{"name":"wp","href":"https:\/\/api.w.org\/{rel}","templated":true}]}}