{"id":89897,"date":"2021-12-07T17:02:33","date_gmt":"2021-12-07T16:02:33","guid":{"rendered":"https:\/\/www.messinaoggi.it\/website\/2021\/12\/07\/nissan-accelera-sullelettrico-a-palermo-arriva-ariya\/"},"modified":"2021-12-07T17:02:33","modified_gmt":"2021-12-07T16:02:33","slug":"nissan-accelera-sullelettrico-a-palermo-arriva-ariya","status":"publish","type":"post","link":"https:\/\/www.messinaoggi.it\/website\/2021\/12\/07\/nissan-accelera-sullelettrico-a-palermo-arriva-ariya\/","title":{"rendered":"Nissan accelera sull\u2019elettrico, a Palermo arriva Ariya"},"content":{"rendered":"<div>\n<p>PALERMO (ITALPRESS) \u2013 Nissan accelera sull\u2019ecosostenibilit\u00e0 anche in Sicilia. E\u2019 stato presentato a Palermo, nella nuova concessionaria \u201cComer Sud\u201d di via Tasca Lanza, \u201cAriya\u201d, il primo crossover coup\u00e8 100% elettrico in grado di garantire un\u2019autonomia fino a 500 chilometri. \u201cAriya\u201d, preordinabile da gennaio, arriver\u00e0 sul mercato europeo nell\u2019estate del 2022 in 4 versioni, con batterie da 63 e 87 kWh: segna il debutto europeo della tecnologia esclusiva Nissan e-4ORCE, costituita da due motori elettrici, uno per ogni asse, e un sofisticato sistema di gestione della trazione a ruote indipendenti. Tre le possibili modalit\u00e0 di guida: Standard, Sport ed ECO, a cui si aggiunge la modalit\u00e0 Snow per i modelli e-4ORCE. Inoltre, \u201cAriya\u201d sar\u00e0 dotata di numerosi comandi remoti che \u201cconsentiranno di interagire con la vettura anche quando siamo comodamente sul divano di casa o alla scrivania del nostro ufficio: potremo ad esempio attivare o disattivare la ricarica, attivare il climatizzatore, cosi da rinfrescare l\u2019ambiente prima ancora di salire a bordo, a tutto vantaggi, ancora una volta del comfort e del relax di guida\u201d, ha spiegato Damiano Frittitta, responsabile marketing settore elettrico di Nissan, durante la presentazione. <br \/>\u201cMa soprattutto \u2013 ha aggiunto \u2013 Ariya sar\u00e0 una vettura connessa e continuamente aggiornabile e rappresenta l\u2019icona della Nissan intelligent mobility, la struttura portante della nostra promessa al cliente, basata su 3 pilastri: intelligent power, intelligent driving e intelligent integration\u201d.<br \/>\u201cDopo la Leaf, la nostra prima vettura 100% elettrica, completiamo e rafforziamo la gamma con Ariya, che continuer\u00e0 il processo di evoluzione relativo al progetto di ecosostenibilit\u00e0 che ormai in Europa e in Italia sta prendendo sempre pi\u00f9 piede \u2013 ha commentato Rosario Argento, esperto marchio Nissan -. Nissan \u00e8 stata la prima casa in Italia a puntare sull\u2019elettrico puro al 100%, cercando di abbattere le barriere e le diffidenze di tanta gente relativamente a quello che sar\u00e0 un progetto che sempre pi\u00f9 nei prossimi anni prender\u00e0 campo\u201d. <br \/>Cosa rende Ariya diversa dalle vetture che l\u2019hanno preceduta? \u201cAnzitutto la percorribilit\u00e0, \u00e8 netto il miglioramento \u2013 evidenzia Argento -. Questa nuova vettura \u00e8 in grado di percorrere fino a 500 km; e poi, come \u00e8 normale che sia, le vetture vanno sempre pi\u00f9 perfezionandosi e si riempiono di prodotti innovativi: questa macchina ne ha veramente tanti. Siamo certi che sar\u00e0 una delle icone che alzer\u00e0 il livello del marchio, che continuer\u00e0 ad essere di grande qualit\u00e0 e grande soddisfazione per la clientela\u201d. Il mercato dell\u2019elettrico \u201c\u00e8 chiaramente in piena crescita. Ancora oggi l\u2019utenza non \u00e8 completamente attenta a queste esigenze perch\u00e8 si \u00e8 creata molta confusione tra l\u2019ibrido e l\u2019elettrico puro; negli ultimi tre anni per\u00f2 la crescita \u00e8 molto ampia e sta superando le pi\u00f9 rosee aspettative. E Nissan \u00e8 al momento una delle case pi\u00f9 attente al cambiamento in ottica ecosostenibile\u201d. <br \/>Secondo Francesco Pizzo, brand manager concessionaria Nissan Comer Sud Catania e Palermo, \u201cstiamo vedendo tutti la crescita della mobilit\u00e0 elettrica, con dei risultati a doppia cifra, incentivati sicuramente dagli ecobonus ma anche da una maggiore sensibilit\u00e0 dell\u2019utente. Ariya sicuramente ci d\u00e0 un\u2019ulteriore spinta nell\u2019evoluzione e nella commercializzazione di questi prodotti\u201d. \u201cNissan ha dei progetti molto importanti nel campo dell\u2019elettrico e che si sposano perfettamente con le idee di Comer Sud per lo sviluppo della mobilit\u00e0 in Sicilia. Probabilmente gi\u00e0 dall\u2019anno prossimo potremo vedere questi nuovi prodotti e \u2013 conclude \u2013 avremo anche un\u2019evoluzione da parte delle forze vendita che stanno conoscendo anche da un punto di vista tecnico le nuove mobilit\u00e0\u201d.<br \/>(ITALPRESS).<div id=\"div-gpt-ad-Messinaoggi.it-DSK-300x250-corpoart\" style=\"text-align:center;margin:0 auto;\"><\/div><\/p>\n<\/div>\n<div id=\"videoincontent\" style=\"clear:both\";><\/div>","protected":false},"excerpt":{"rendered":"<p>PALERMO (ITALPRESS) \u2013 Nissan accelera sull\u2019ecosostenibilit\u00e0 anche in Sicilia. E\u2019 stato presentato a Palermo, nella nuova concessionaria \u201cComer Sud\u201d di via Tasca Lanza, \u201cAriya\u201d, il primo crossover coup\u00e8 100% elettrico in grado di garantire un\u2019autonomia fino a 500 chilometri. \u201cAriya\u201d, preordinabile da gennaio, arriver\u00e0 sul mercato europeo nell\u2019estate del 2022 in 4 versioni, con batterie [&hellip;]<\/p>\n","protected":false},"author":18,"featured_media":89898,"comment_status":"closed","ping_status":"closed","sticky":false,"template":"","format":"standard","meta":{"ub_ctt_via":"","_mi_skip_tracking":false},"categories":[2449],"tags":[783],"featured_image_src":"https:\/\/www.messinaoggi.it\/website\/wp-content\/uploads\/2021\/12\/20211207_1665.jpg","author_info":{"display_name":"Admin","author_link":"https:\/\/www.messinaoggi.it\/website\/author\/admin\/"},"digistream_id":0,"digistream":false,"_links":{"self":[{"href":"https:\/\/www.messinaoggi.it\/website\/wp-json\/wp\/v2\/posts\/89897"}],"collection":[{"href":"https:\/\/www.messinaoggi.it\/website\/wp-json\/wp\/v2\/posts"}],"about":[{"href":"https:\/\/www.messinaoggi.it\/website\/wp-json\/wp\/v2\/types\/post"}],"author":[{"embeddable":true,"href":"https:\/\/www.messinaoggi.it\/website\/wp-json\/wp\/v2\/users\/18"}],"replies":[{"embeddable":true,"href":"https:\/\/www.messinaoggi.it\/website\/wp-json\/wp\/v2\/comments?post=89897"}],"version-history":[{"count":0,"href":"https:\/\/www.messinaoggi.it\/website\/wp-json\/wp\/v2\/posts\/89897\/revisions"}],"wp:featuredmedia":[{"embeddable":true,"href":"https:\/\/www.messinaoggi.it\/website\/wp-json\/wp\/v2\/media\/89898"}],"wp:attachment":[{"href":"https:\/\/www.messinaoggi.it\/website\/wp-json\/wp\/v2\/media?parent=89897"}],"wp:term":[{"taxonomy":"category","embeddable":true,"href":"https:\/\/www.messinaoggi.it\/website\/wp-json\/wp\/v2\/categories?post=89897"},{"taxonomy":"post_tag","embeddable":true,"href":"https:\/\/www.messinaoggi.it\/website\/wp-json\/wp\/v2\/tags?post=89897"}],"curies":[{"name":"wp","href":"https:\/\/api.w.org\/{rel}","templated":true}]}}