{"id":89878,"date":"2021-12-07T15:07:35","date_gmt":"2021-12-07T14:07:35","guid":{"rendered":"https:\/\/www.messinaoggi.it\/website\/2021\/12\/07\/conte-no-alle-suppletive-voglio-entrare-dalla-porta-principale\/"},"modified":"2021-12-07T15:07:35","modified_gmt":"2021-12-07T14:07:35","slug":"conte-no-alle-suppletive-voglio-entrare-dalla-porta-principale","status":"publish","type":"post","link":"https:\/\/www.messinaoggi.it\/website\/2021\/12\/07\/conte-no-alle-suppletive-voglio-entrare-dalla-porta-principale\/","title":{"rendered":"Conte \u201cNo alle suppletive, voglio entrare dalla porta principale\u201d"},"content":{"rendered":"<div>ROMA (ITALPRESS) &#8211; &#8220;Un leader che sta realizzando il progetto di rilancio politico del movimento ha l&#8217;ambizione di presentarsi alle Politiche, con un programma di governo per migliorare la societ\u00e0. Quella \u00e8 la richiesta che far\u00f2 agli italiani. Vorrei entrare dalla porta principale&#8221;. Cos\u00ec Giuseppe Conte, presidente del MoVimento 5 Stelle, a &#8220;L&#8217;aria che tira&#8221;, su La7, in merito alla sua decisione di non candidarsi alle suppletive del collegio Roma Centro.<br \/>&#8220;Con Enrico Letta c&#8217;\u00e8 un proficuo rapporto, molto sincero e molto franco. Gi\u00e0 da un p\u00f2 mi aveva parlato di questa possibilit\u00e0, su cui io ho espresso delle perplessit\u00e0. Mi sto dedicando a un impegno politico che richiede dedizione a tempo pieno&#8221;, ha spiegato Conte.<br \/>(ITALPRESS).<\/div>\n<div id=\"div-gpt-ad-Messinaoggi.it-DSK-300x250-corpoart\" style=\"text-align:center;margin:0 auto;\"><\/div><\/p><div id=\"videoincontent\" style=\"clear:both\";><\/div>","protected":false},"excerpt":{"rendered":"<p>ROMA (ITALPRESS) &#8211; &#8220;Un leader che sta realizzando il progetto di rilancio politico del movimento ha l&#8217;ambizione di presentarsi alle Politiche, con un programma di governo per migliorare la societ\u00e0. Quella \u00e8 la richiesta che far\u00f2 agli italiani. Vorrei entrare dalla porta principale&#8221;. Cos\u00ec Giuseppe Conte, presidente del MoVimento 5 Stelle, a &#8220;L&#8217;aria che tira&#8221;, [&hellip;]<\/p>\n","protected":false},"author":18,"featured_media":89879,"comment_status":"closed","ping_status":"closed","sticky":false,"template":"","format":"standard","meta":{"ub_ctt_via":"","_mi_skip_tracking":false},"categories":[446],"tags":[783],"featured_image_src":"https:\/\/www.messinaoggi.it\/website\/wp-content\/uploads\/2021\/12\/20211207_0825.jpg","author_info":{"display_name":"Admin","author_link":"https:\/\/www.messinaoggi.it\/website\/author\/admin\/"},"digistream_id":0,"digistream":false,"_links":{"self":[{"href":"https:\/\/www.messinaoggi.it\/website\/wp-json\/wp\/v2\/posts\/89878"}],"collection":[{"href":"https:\/\/www.messinaoggi.it\/website\/wp-json\/wp\/v2\/posts"}],"about":[{"href":"https:\/\/www.messinaoggi.it\/website\/wp-json\/wp\/v2\/types\/post"}],"author":[{"embeddable":true,"href":"https:\/\/www.messinaoggi.it\/website\/wp-json\/wp\/v2\/users\/18"}],"replies":[{"embeddable":true,"href":"https:\/\/www.messinaoggi.it\/website\/wp-json\/wp\/v2\/comments?post=89878"}],"version-history":[{"count":0,"href":"https:\/\/www.messinaoggi.it\/website\/wp-json\/wp\/v2\/posts\/89878\/revisions"}],"wp:featuredmedia":[{"embeddable":true,"href":"https:\/\/www.messinaoggi.it\/website\/wp-json\/wp\/v2\/media\/89879"}],"wp:attachment":[{"href":"https:\/\/www.messinaoggi.it\/website\/wp-json\/wp\/v2\/media?parent=89878"}],"wp:term":[{"taxonomy":"category","embeddable":true,"href":"https:\/\/www.messinaoggi.it\/website\/wp-json\/wp\/v2\/categories?post=89878"},{"taxonomy":"post_tag","embeddable":true,"href":"https:\/\/www.messinaoggi.it\/website\/wp-json\/wp\/v2\/tags?post=89878"}],"curies":[{"name":"wp","href":"https:\/\/api.w.org\/{rel}","templated":true}]}}