{"id":89876,"date":"2021-12-07T15:07:33","date_gmt":"2021-12-07T14:07:33","guid":{"rendered":"https:\/\/www.messinaoggi.it\/website\/2021\/12\/07\/gasperini-villarreal-forte-ma-latalanta-ci-crede\/"},"modified":"2021-12-07T15:07:33","modified_gmt":"2021-12-07T14:07:33","slug":"gasperini-villarreal-forte-ma-latalanta-ci-crede","status":"publish","type":"post","link":"https:\/\/www.messinaoggi.it\/website\/2021\/12\/07\/gasperini-villarreal-forte-ma-latalanta-ci-crede\/","title":{"rendered":"Gasperini \u201cVillarreal forte, ma l\u2019Atalanta ci crede\u201d"},"content":{"rendered":"<div>BERGAMO (ITALPRESS) &#8211; &#8220;C&#8217;\u00e8 fiducia, crediamo di poter centrare il traguardo. Questa \u00e8 una squadra forte, ha vinto l&#8217;Europa League qualche mese fa, sta attraversando qualche difficolt\u00e0 in campionato, ma questa \u00e8 un&#8217;altra competizione. Sappiamo quali sono le difficolt\u00e0 della gara&#8221;. Lo ha dichiarato l&#8217;allenatore dell&#8217;Atalanta, Gian Piero Gasperini, durante la conferenza stampa alla vigilia del match contro il Villarreal, ultima sfida della fase a gironi di Champions League. &#8220;Arriviamo a questa gara in un momento molto buono di risultati e di prestigio &#8211; spiega il tecnico nerazzurro &#8211; ma dobbiamo essere bravi a cancellare sia sconfitte che vittorie, si riparte da 0-0, abbiamo un solo risultato utile. Giocheremo in casa la gara decisiva, non abbiamo di sicuro la certezza della qualificazione, ma c&#8217;\u00e8 fiducia. Non possiamo avere pensieri negativi, dobbiamo pensare solo al meglio. Oggi dobbiamo avere un unico pensiero, un&#8217;unica voglia di arrivare&#8221;. Per quanto riguarda lo stato di salute della squadra, Gasperini dice: &#8220;C&#8217;\u00e8 fuori soltanto Gosens, speriamo di recuperarlo gi\u00e0 a gennaio, c&#8217;\u00e8 qualche acciacco dovuto alla partita di Napoli, ma speriamo che possano recuperare tutti. La gara di domani pu\u00f2 avere pi\u00f9 partite nei 90&#8242;, dovremo essere bravi a sfruttare i nostri momenti e impedire a loro di sfruttare le occasioni. Sar\u00e0 una partita spettacolare, spero anche bella come all&#8217;andata&#8221;. <br \/>(ITALPRESS).<\/div>\n<div id=\"div-gpt-ad-Messinaoggi.it-DSK-300x250-corpoart\" style=\"text-align:center;margin:0 auto;\"><\/div><\/p><div id=\"videoincontent\" style=\"clear:both\";><\/div>","protected":false},"excerpt":{"rendered":"<p>BERGAMO (ITALPRESS) &#8211; &#8220;C&#8217;\u00e8 fiducia, crediamo di poter centrare il traguardo. Questa \u00e8 una squadra forte, ha vinto l&#8217;Europa League qualche mese fa, sta attraversando qualche difficolt\u00e0 in campionato, ma questa \u00e8 un&#8217;altra competizione. Sappiamo quali sono le difficolt\u00e0 della gara&#8221;. Lo ha dichiarato l&#8217;allenatore dell&#8217;Atalanta, Gian Piero Gasperini, durante la conferenza stampa alla vigilia [&hellip;]<\/p>\n","protected":false},"author":18,"featured_media":89877,"comment_status":"closed","ping_status":"closed","sticky":false,"template":"","format":"standard","meta":{"ub_ctt_via":"","_mi_skip_tracking":false},"categories":[446],"tags":[783],"featured_image_src":"https:\/\/www.messinaoggi.it\/website\/wp-content\/uploads\/2021\/12\/Gasperini_MG2_8027.jpg","author_info":{"display_name":"Admin","author_link":"https:\/\/www.messinaoggi.it\/website\/author\/admin\/"},"digistream_id":0,"digistream":false,"_links":{"self":[{"href":"https:\/\/www.messinaoggi.it\/website\/wp-json\/wp\/v2\/posts\/89876"}],"collection":[{"href":"https:\/\/www.messinaoggi.it\/website\/wp-json\/wp\/v2\/posts"}],"about":[{"href":"https:\/\/www.messinaoggi.it\/website\/wp-json\/wp\/v2\/types\/post"}],"author":[{"embeddable":true,"href":"https:\/\/www.messinaoggi.it\/website\/wp-json\/wp\/v2\/users\/18"}],"replies":[{"embeddable":true,"href":"https:\/\/www.messinaoggi.it\/website\/wp-json\/wp\/v2\/comments?post=89876"}],"version-history":[{"count":0,"href":"https:\/\/www.messinaoggi.it\/website\/wp-json\/wp\/v2\/posts\/89876\/revisions"}],"wp:featuredmedia":[{"embeddable":true,"href":"https:\/\/www.messinaoggi.it\/website\/wp-json\/wp\/v2\/media\/89877"}],"wp:attachment":[{"href":"https:\/\/www.messinaoggi.it\/website\/wp-json\/wp\/v2\/media?parent=89876"}],"wp:term":[{"taxonomy":"category","embeddable":true,"href":"https:\/\/www.messinaoggi.it\/website\/wp-json\/wp\/v2\/categories?post=89876"},{"taxonomy":"post_tag","embeddable":true,"href":"https:\/\/www.messinaoggi.it\/website\/wp-json\/wp\/v2\/tags?post=89876"}],"curies":[{"name":"wp","href":"https:\/\/api.w.org\/{rel}","templated":true}]}}