{"id":89854,"date":"2021-12-07T12:17:43","date_gmt":"2021-12-07T11:17:43","guid":{"rendered":"https:\/\/www.messinaoggi.it\/website\/2021\/12\/07\/sanita-razza-su-punti-nascita-in-sicilia-sciacallaggio\/"},"modified":"2021-12-07T12:17:43","modified_gmt":"2021-12-07T11:17:43","slug":"sanita-razza-su-punti-nascita-in-sicilia-sciacallaggio","status":"publish","type":"post","link":"https:\/\/www.messinaoggi.it\/website\/2021\/12\/07\/sanita-razza-su-punti-nascita-in-sicilia-sciacallaggio\/","title":{"rendered":"Sanit\u00e0, Razza \u201cSu punti nascita in Sicilia sciacallaggio\u201d"},"content":{"rendered":"<div>\n<p>CATANIA (ITALPRESS) \u2013 I punti nascita in Sicilia? \u201cPi\u00f9 che di polemiche parlerei di sciacallaggio\u201d. Lo ha detto l\u2019assessore regionale alla Salute Ruggero Razza, oggi a Catania, a margine dell\u2019inaugurazione del Pronto Soccorso dell\u2019ospedale San Marco. \u201cQualche cialtrone ha anche detto che la responsabilit\u00e0 \u2013 ha aggiunto Razza \u2013 era della Regione. Per fortuna ieri ho potuto dimostrare, atti alla mano, che la deroga per esempio del punto nascita di Sant\u2019Agata di Militello non \u00e8 stata concessa dal Comitato del percorso nascita nazionale. Io voglio sperare, invece, che si possa riattivare presto non solo quel punto nascita, ma che possano essere gestiti in sicurezza. Questo significa consentire alla regione di realizzare gli investimenti che ha programmato in Sicilia e significa anche dare na sicurezza territoriale\u201d.<br \/>\u201cPoi \u2013 ha sottolineato \u2013 non mi piace mai mettere in correlazione le scelte di programmazione con i fatti di cronaca. Perch\u00e8 i fatti di cronaca scuotono l\u2019opinione pubblica ed \u00e8 giusto che sia cos\u00ec, ma poi devono essere anche inquadrati nella responsabilit\u00e0 concreta e bisogna verificare quali sono le responsabilit\u00e0 eventualmente connesse anche a disfunzioni di ordine amministrativo. Noi abbiamo la certezza \u2013 ha concluso \u2013 che in questi anni ne abbiamo ristrutturati tanti affrontando anche una criticit\u00e0 di personale significativamente alta. Garantire sicurezza nei punti nascita vale pi\u00f9 di ogni altra cosa\u201d.  <br \/>(ITALPRESS).<div id=\"div-gpt-ad-Messinaoggi.it-DSK-300x250-corpoart\" style=\"text-align:center;margin:0 auto;\"><\/div><\/p>\n<\/div>\n<div id=\"videoincontent\" style=\"clear:both\";><\/div>","protected":false},"excerpt":{"rendered":"<p>CATANIA (ITALPRESS) \u2013 I punti nascita in Sicilia? \u201cPi\u00f9 che di polemiche parlerei di sciacallaggio\u201d. Lo ha detto l\u2019assessore regionale alla Salute Ruggero Razza, oggi a Catania, a margine dell\u2019inaugurazione del Pronto Soccorso dell\u2019ospedale San Marco. \u201cQualche cialtrone ha anche detto che la responsabilit\u00e0 \u2013 ha aggiunto Razza \u2013 era della Regione. Per fortuna ieri [&hellip;]<\/p>\n","protected":false},"author":18,"featured_media":89855,"comment_status":"closed","ping_status":"closed","sticky":false,"template":"","format":"standard","meta":{"ub_ctt_via":"","_mi_skip_tracking":false},"categories":[2449],"tags":[783],"featured_image_src":"https:\/\/www.messinaoggi.it\/website\/wp-content\/uploads\/2021\/12\/20211207_0386.jpg","author_info":{"display_name":"Admin","author_link":"https:\/\/www.messinaoggi.it\/website\/author\/admin\/"},"digistream_id":0,"digistream":false,"_links":{"self":[{"href":"https:\/\/www.messinaoggi.it\/website\/wp-json\/wp\/v2\/posts\/89854"}],"collection":[{"href":"https:\/\/www.messinaoggi.it\/website\/wp-json\/wp\/v2\/posts"}],"about":[{"href":"https:\/\/www.messinaoggi.it\/website\/wp-json\/wp\/v2\/types\/post"}],"author":[{"embeddable":true,"href":"https:\/\/www.messinaoggi.it\/website\/wp-json\/wp\/v2\/users\/18"}],"replies":[{"embeddable":true,"href":"https:\/\/www.messinaoggi.it\/website\/wp-json\/wp\/v2\/comments?post=89854"}],"version-history":[{"count":0,"href":"https:\/\/www.messinaoggi.it\/website\/wp-json\/wp\/v2\/posts\/89854\/revisions"}],"wp:featuredmedia":[{"embeddable":true,"href":"https:\/\/www.messinaoggi.it\/website\/wp-json\/wp\/v2\/media\/89855"}],"wp:attachment":[{"href":"https:\/\/www.messinaoggi.it\/website\/wp-json\/wp\/v2\/media?parent=89854"}],"wp:term":[{"taxonomy":"category","embeddable":true,"href":"https:\/\/www.messinaoggi.it\/website\/wp-json\/wp\/v2\/categories?post=89854"},{"taxonomy":"post_tag","embeddable":true,"href":"https:\/\/www.messinaoggi.it\/website\/wp-json\/wp\/v2\/tags?post=89854"}],"curies":[{"name":"wp","href":"https:\/\/api.w.org\/{rel}","templated":true}]}}