{"id":89832,"date":"2021-12-07T09:07:40","date_gmt":"2021-12-07T08:07:40","guid":{"rendered":"https:\/\/www.messinaoggi.it\/website\/2021\/12\/07\/manovra-orlando-ancora-spazio-per-il-dialogo-con-i-sindacati\/"},"modified":"2021-12-07T09:07:40","modified_gmt":"2021-12-07T08:07:40","slug":"manovra-orlando-ancora-spazio-per-il-dialogo-con-i-sindacati","status":"publish","type":"post","link":"https:\/\/www.messinaoggi.it\/website\/2021\/12\/07\/manovra-orlando-ancora-spazio-per-il-dialogo-con-i-sindacati\/","title":{"rendered":"Manovra, Orlando \u201cAncora spazio per il dialogo con i sindacati\u201d"},"content":{"rendered":"<div>ROMA (ITALPRESS) &#8211; &#8220;Io spero e credo che ci sia ancora lo spazio per un dialogo. Questo governo non ha mai rinunciato al confronto con i sindacati&#8221;. Lo dice il ministro del Lavoro, Andrea Orlando, in un colloquio con Repubblica, commentando l&#8217;annuncio della proclamazione da parte di Cgil e Uil dello sciopero generale del 16 dicembre. &#8220;Bisogna capire bene i motivi di questa protesta ma se riguarda la manovra, allora ci sono ancora degli aspetti su cui possiamo lavorare. Nell&#8217;ultimo consiglio dei ministri &#8211; aggiunge &#8211; \u00e8 emersa la possibilit\u00e0 di aprire e mantenere il confronto su questioni fondamentali: le pensioni e le delocalizzazioni. Questo pu\u00f2 accadere gi\u00e0 nei prossimi giorni&#8221;.<br \/>(ITALPRESS).<\/div>\n<div id=\"div-gpt-ad-Messinaoggi.it-DSK-300x250-corpoart\" style=\"text-align:center;margin:0 auto;\"><\/div><\/p><div id=\"videoincontent\" style=\"clear:both\";><\/div>","protected":false},"excerpt":{"rendered":"<p>ROMA (ITALPRESS) &#8211; &#8220;Io spero e credo che ci sia ancora lo spazio per un dialogo. Questo governo non ha mai rinunciato al confronto con i sindacati&#8221;. Lo dice il ministro del Lavoro, Andrea Orlando, in un colloquio con Repubblica, commentando l&#8217;annuncio della proclamazione da parte di Cgil e Uil dello sciopero generale del 16 [&hellip;]<\/p>\n","protected":false},"author":18,"featured_media":89833,"comment_status":"closed","ping_status":"closed","sticky":false,"template":"","format":"standard","meta":{"ub_ctt_via":"","_mi_skip_tracking":false},"categories":[446],"tags":[783],"featured_image_src":"https:\/\/www.messinaoggi.it\/website\/wp-content\/uploads\/2021\/12\/20211207_0086-700x486-1.jpg","author_info":{"display_name":"Admin","author_link":"https:\/\/www.messinaoggi.it\/website\/author\/admin\/"},"digistream_id":0,"digistream":false,"_links":{"self":[{"href":"https:\/\/www.messinaoggi.it\/website\/wp-json\/wp\/v2\/posts\/89832"}],"collection":[{"href":"https:\/\/www.messinaoggi.it\/website\/wp-json\/wp\/v2\/posts"}],"about":[{"href":"https:\/\/www.messinaoggi.it\/website\/wp-json\/wp\/v2\/types\/post"}],"author":[{"embeddable":true,"href":"https:\/\/www.messinaoggi.it\/website\/wp-json\/wp\/v2\/users\/18"}],"replies":[{"embeddable":true,"href":"https:\/\/www.messinaoggi.it\/website\/wp-json\/wp\/v2\/comments?post=89832"}],"version-history":[{"count":0,"href":"https:\/\/www.messinaoggi.it\/website\/wp-json\/wp\/v2\/posts\/89832\/revisions"}],"wp:featuredmedia":[{"embeddable":true,"href":"https:\/\/www.messinaoggi.it\/website\/wp-json\/wp\/v2\/media\/89833"}],"wp:attachment":[{"href":"https:\/\/www.messinaoggi.it\/website\/wp-json\/wp\/v2\/media?parent=89832"}],"wp:term":[{"taxonomy":"category","embeddable":true,"href":"https:\/\/www.messinaoggi.it\/website\/wp-json\/wp\/v2\/categories?post=89832"},{"taxonomy":"post_tag","embeddable":true,"href":"https:\/\/www.messinaoggi.it\/website\/wp-json\/wp\/v2\/tags?post=89832"}],"curies":[{"name":"wp","href":"https:\/\/api.w.org\/{rel}","templated":true}]}}