{"id":89822,"date":"2021-12-06T22:07:35","date_gmt":"2021-12-06T21:07:35","guid":{"rendered":"https:\/\/www.messinaoggi.it\/website\/2021\/12\/06\/quirinale-conte-anche-se-non-in-aula-saro-protagonista-per-lelezione\/"},"modified":"2021-12-06T22:07:35","modified_gmt":"2021-12-06T21:07:35","slug":"quirinale-conte-anche-se-non-in-aula-saro-protagonista-per-lelezione","status":"publish","type":"post","link":"https:\/\/www.messinaoggi.it\/website\/2021\/12\/06\/quirinale-conte-anche-se-non-in-aula-saro-protagonista-per-lelezione\/","title":{"rendered":"Quirinale, Conte \u201cAnche se non in Aula sar\u00f2 protagonista per l\u2019elezione\u201d"},"content":{"rendered":"<div>ROMA (ITALPRESS) &#8211; &#8220;Non credo affatto che la mia presenza in Parlamento debba essere necessaria. Non avendo impegni parlamentari, da un lato potr\u00f2 continuare a viaggiare sul territorio e coltivare il dialogo con i cittadini per l&#8217;esigenza dei territori. Sicuramente questo non mi impedir\u00e0 di partecipare da protagonista all&#8217;elezione del presidente della Repubblica, per la semplice ragione che rappresento e sono il leader della forza politica di maggioranza. Quindi \u00e8 chiaro che ci sar\u00e0 un&#8217;interlocuzione sempre pi\u00f9 intensa, gi\u00e0 dei primi contatti con i leader delle altre forze politiche ci sono e dovranno continuare&#8221;. Cos\u00ec il presidente del M5S, Giuseppe Conte, nel corso di una conferenza stampa alla Camera. &#8220;Il fatto di avere o meno lo scranno parlamentare non sar\u00e0 assolutamente di impedimento per trovare una soluzione, quella che come M5S auspichiamo: personalit\u00e0 di alto profilo anche morale che sia quanto pi\u00f9 possibile rappresentativa delle varie sensibilit\u00e0 politiche e dell&#8217;interesse dei cittadini per l&#8217;unit\u00e0 del Paese&#8221;, aggiunge Conte. <br \/>(ITALPRESS).<\/div>\n<div id=\"div-gpt-ad-Messinaoggi.it-DSK-300x250-corpoart\" style=\"text-align:center;margin:0 auto;\"><\/div><\/p><div id=\"videoincontent\" style=\"clear:both\";><\/div>","protected":false},"excerpt":{"rendered":"<p>ROMA (ITALPRESS) &#8211; &#8220;Non credo affatto che la mia presenza in Parlamento debba essere necessaria. Non avendo impegni parlamentari, da un lato potr\u00f2 continuare a viaggiare sul territorio e coltivare il dialogo con i cittadini per l&#8217;esigenza dei territori. Sicuramente questo non mi impedir\u00e0 di partecipare da protagonista all&#8217;elezione del presidente della Repubblica, per la [&hellip;]<\/p>\n","protected":false},"author":18,"featured_media":89823,"comment_status":"closed","ping_status":"closed","sticky":false,"template":"","format":"standard","meta":{"ub_ctt_via":"","_mi_skip_tracking":false},"categories":[446],"tags":[783],"featured_image_src":"https:\/\/www.messinaoggi.it\/website\/wp-content\/uploads\/2021\/12\/20211206_1999.jpg","author_info":{"display_name":"Admin","author_link":"https:\/\/www.messinaoggi.it\/website\/author\/admin\/"},"digistream_id":0,"digistream":false,"_links":{"self":[{"href":"https:\/\/www.messinaoggi.it\/website\/wp-json\/wp\/v2\/posts\/89822"}],"collection":[{"href":"https:\/\/www.messinaoggi.it\/website\/wp-json\/wp\/v2\/posts"}],"about":[{"href":"https:\/\/www.messinaoggi.it\/website\/wp-json\/wp\/v2\/types\/post"}],"author":[{"embeddable":true,"href":"https:\/\/www.messinaoggi.it\/website\/wp-json\/wp\/v2\/users\/18"}],"replies":[{"embeddable":true,"href":"https:\/\/www.messinaoggi.it\/website\/wp-json\/wp\/v2\/comments?post=89822"}],"version-history":[{"count":0,"href":"https:\/\/www.messinaoggi.it\/website\/wp-json\/wp\/v2\/posts\/89822\/revisions"}],"wp:featuredmedia":[{"embeddable":true,"href":"https:\/\/www.messinaoggi.it\/website\/wp-json\/wp\/v2\/media\/89823"}],"wp:attachment":[{"href":"https:\/\/www.messinaoggi.it\/website\/wp-json\/wp\/v2\/media?parent=89822"}],"wp:term":[{"taxonomy":"category","embeddable":true,"href":"https:\/\/www.messinaoggi.it\/website\/wp-json\/wp\/v2\/categories?post=89822"},{"taxonomy":"post_tag","embeddable":true,"href":"https:\/\/www.messinaoggi.it\/website\/wp-json\/wp\/v2\/tags?post=89822"}],"curies":[{"name":"wp","href":"https:\/\/api.w.org\/{rel}","templated":true}]}}