{"id":89764,"date":"2021-12-06T16:07:40","date_gmt":"2021-12-06T15:07:40","guid":{"rendered":"https:\/\/www.messinaoggi.it\/website\/2021\/12\/06\/lodore-del-mare-duetto-tiromancino-e-consoli-in-radio-da-venerdi\/"},"modified":"2021-12-06T16:07:40","modified_gmt":"2021-12-06T15:07:40","slug":"lodore-del-mare-duetto-tiromancino-e-consoli-in-radio-da-venerdi","status":"publish","type":"post","link":"https:\/\/www.messinaoggi.it\/website\/2021\/12\/06\/lodore-del-mare-duetto-tiromancino-e-consoli-in-radio-da-venerdi\/","title":{"rendered":"\u201cL\u2019odore del mare\u201d, duetto Tiromancino e Consoli in radio da venerd\u00ec"},"content":{"rendered":"<div>MILANO (ITALPRESS) &#8211; Sar\u00e0 in radio da venerd\u00ec 10 dicembre &#8220;L&#8217;odore del mare&#8221;, il duetto tra Tiromancino e Carmen Consoli.<br \/>Si tratta di una delle 12 tracce inedite che fanno parte del nuovo album di Tiromancino &#8220;Ho cambiato tante case&#8221;. Parlando della collaborazione con l&#8217;artista catanese, Federico Zampaglione racconta: &#8220;Insieme a me a cantare in questo pezzo c&#8217;\u00e8 Carmen, la &#8220;cantantessa&#8221;, una delle voci e delle personalit\u00e0 pi\u00f9 potenti della musica italiana. La cosa bella di questa collaborazione \u00e8 che entrambi siamo riusciti, essendo appassionati di musica soul e blues, a dare alla canzone un&#8217;eco lontana che richiama questi stili.<br \/>(ITALPRESS).<\/div>\n<div id=\"div-gpt-ad-Messinaoggi.it-DSK-300x250-corpoart\" style=\"text-align:center;margin:0 auto;\"><\/div><\/p><div id=\"videoincontent\" style=\"clear:both\";><\/div>","protected":false},"excerpt":{"rendered":"<p>MILANO (ITALPRESS) &#8211; Sar\u00e0 in radio da venerd\u00ec 10 dicembre &#8220;L&#8217;odore del mare&#8221;, il duetto tra Tiromancino e Carmen Consoli.Si tratta di una delle 12 tracce inedite che fanno parte del nuovo album di Tiromancino &#8220;Ho cambiato tante case&#8221;. Parlando della collaborazione con l&#8217;artista catanese, Federico Zampaglione racconta: &#8220;Insieme a me a cantare in questo [&hellip;]<\/p>\n","protected":false},"author":18,"featured_media":89765,"comment_status":"closed","ping_status":"closed","sticky":false,"template":"","format":"standard","meta":{"ub_ctt_via":"","_mi_skip_tracking":false},"categories":[446],"tags":[783],"featured_image_src":"https:\/\/www.messinaoggi.it\/website\/wp-content\/uploads\/2021\/12\/20211206_0995.jpg","author_info":{"display_name":"Admin","author_link":"https:\/\/www.messinaoggi.it\/website\/author\/admin\/"},"digistream_id":0,"digistream":false,"_links":{"self":[{"href":"https:\/\/www.messinaoggi.it\/website\/wp-json\/wp\/v2\/posts\/89764"}],"collection":[{"href":"https:\/\/www.messinaoggi.it\/website\/wp-json\/wp\/v2\/posts"}],"about":[{"href":"https:\/\/www.messinaoggi.it\/website\/wp-json\/wp\/v2\/types\/post"}],"author":[{"embeddable":true,"href":"https:\/\/www.messinaoggi.it\/website\/wp-json\/wp\/v2\/users\/18"}],"replies":[{"embeddable":true,"href":"https:\/\/www.messinaoggi.it\/website\/wp-json\/wp\/v2\/comments?post=89764"}],"version-history":[{"count":0,"href":"https:\/\/www.messinaoggi.it\/website\/wp-json\/wp\/v2\/posts\/89764\/revisions"}],"wp:featuredmedia":[{"embeddable":true,"href":"https:\/\/www.messinaoggi.it\/website\/wp-json\/wp\/v2\/media\/89765"}],"wp:attachment":[{"href":"https:\/\/www.messinaoggi.it\/website\/wp-json\/wp\/v2\/media?parent=89764"}],"wp:term":[{"taxonomy":"category","embeddable":true,"href":"https:\/\/www.messinaoggi.it\/website\/wp-json\/wp\/v2\/categories?post=89764"},{"taxonomy":"post_tag","embeddable":true,"href":"https:\/\/www.messinaoggi.it\/website\/wp-json\/wp\/v2\/tags?post=89764"}],"curies":[{"name":"wp","href":"https:\/\/api.w.org\/{rel}","templated":true}]}}