{"id":89722,"date":"2021-12-06T08:37:10","date_gmt":"2021-12-06T07:37:10","guid":{"rendered":"http:\/\/www.messinaoggi.it\/website\/?p=89722"},"modified":"2021-12-06T08:37:54","modified_gmt":"2021-12-06T07:37:54","slug":"politiche-sociali-il-garante-dellinfanzia-rompe-il-silenzio-basta-insinuazioni-si-lavori-a-tutela-dei-minori","status":"publish","type":"post","link":"https:\/\/www.messinaoggi.it\/website\/2021\/12\/06\/politiche-sociali-il-garante-dellinfanzia-rompe-il-silenzio-basta-insinuazioni-si-lavori-a-tutela-dei-minori\/","title":{"rendered":"Politiche sociali, il garante dell&#8217;infanzia rompe il silenzio: &#8220;Basta insinuazioni, si lavori a tutela dei minori&#8221;"},"content":{"rendered":"\n<p>Dura presa di posizione di Angelo Costantino,<br>garante dell\u2019infanzia e dell\u2019adolescenza del Comune di Messina sul sistema degli affidamenti familiari.<div id=\"div-gpt-ad-Messinaoggi.it-DSK-300x250-corpoart\" style=\"text-align:center;margin:0 auto;\"><\/div><\/p>\n\n\n\n<p> &#8220;Per rispetto del mio ruolo istituzionale ho sempre evitato di essere trascinato in polemiche politiche sterili che spesso nulla hanno a che vedere con la tutela dei minori.<br>Alla luce, per\u00f2, di alcune dichiarazioni e\/o di sottili insinuazioni che ho ascoltato in questi giorni mi preme fare alcune precisazioni.<br>La polemica sul sistema degli affidamenti familiari non nasce da una presa di posizione del garante dell\u2019infanzia ma da una precisa e circostanziata richiesta-denuncia dell\u2019Autorit\u00e0 giudiziaria inoltrata al Comune di Messina in data 15\/10\/2021 che ho volutamente segretato per rispetto alla magistratura.<br>Di questa missiva il sindaco di Messina \u00e8 venuto a conoscenza dal sottoscritto, in data 21\/11\/21 per tramite dell\u2019assessore Musolino. In una telefonata intercorsa con l\u2019assessore Musolino in merito alla possibilit\u00e0 di partecipare al tavolo tecnico indetto dal suo assessorato sul contrasto all\u2019abuso di alcool tra i minori, mi sono permesso di sollecitarla a velocizzare la trasmissione degli atti richiesti dal Tribunale. \u00c8 prassi del garante e rientra nel suo mandato istituzionale farsi tramite tra gli enti Istituzionali, facilitarne il dialogo velocizzando, ove possibile, l\u2019iter amministrativo. \u00c8 successo in questa situazione e continuer\u00e0 a succedere.<br>Ho appreso, sempre in quella telefonata, che il sindaco non era stato informato della richiesta pendente e pertanto mi \u00e8 stato richiesto dall\u2019assessore Musolino la trasmissione del documento in mio possesso inviatomi per conoscenza.<br>Ho appreso in una successiva telefonata con l\u2019assessore Musolino che il Sindaco ha nell\u2019immediatezza indetto una riunione urgente per giorno 23\/11\/21 con la responsabile del Centro affidi, gli assessori competenti, il dirigente, il segretario generale e il direttore generale per fare il punto della situazione.<br>Ho appreso dal dirigente,nei giorni successivi, che il Sindaco aveva dato immediato mandato per esitare entro i termini (15 dicembre 2021) le richieste dell\u2019Autorita giudiziaria. Dai regolari contatti con le assistenti sociali del Comune ho appreso, ancora, che stavano lavorando strenuamente per trasmettere le relazioni richieste. Quanto riferito \u00e8 semplicemente ci\u00f2 che \u00e8 accaduto. Le determinazioni in merito al Dipartimento non sono di mia competenza e non ho mai interferito. Ho apprezzato per\u00f2 l\u2019intervento del sindaco, che, seppur informato in ritardo, \u00e8 intervenuto tempestivamente.<br>L\u2019esiguit\u00e0 e le difficolt\u00e0 del personale del Centro affidi e del Servizio sociale sono note da tempo ed evidenziate, atti alla mano, da una consigliera comunale che in commissione comunale del 25\/11\/21, a cui sono stato invitato,ha depositato documenti, di cui non ero a conoscenza, che dimostrano che gi\u00e0 dal 2018 la responsabile del Centro affidi aveva comunicato le difficolt\u00e0 del servizio.<br>Sono felice se a seguito di queste segnalazioni finalmente si sono accesi i riflettori sulle difficolt\u00e0 del Servizio sociale comunale, che soffre di una seria carenza di personale che solo in parte \u00e8 stata compensata dall\u2019immissione in ruolo di una ventina di assistenti sociali del Pon inclusione, che per contratto possono occuparsi solo di alcune pendenze. Sono a conoscenza di una riorganizzazione in atto del Servizio con la probabile nomina di un coordinatore che faciliter\u00e0, si spera, la funzionalit\u00e0 del Servizio stesso.<br>Se ci\u00f2 sta avvenendo \u00e8 anche per le numerose lamentele dell\u2019utenza che hanno interessato il mio Ufficio e che mi hanno visto, mio malgrado, coinvolto in procedimenti giudiziari nella qualit\u00e0 di garante come persona informata sui fatti, su procedimenti che riguardano ricorsi promossi dall\u2019utenza contro il dipartimento ed il personale del Servizio sociale.<br>Sono a conoscenza, ancora, di procedimenti presso l\u2019ordine professionale regionale a carico del personale del Comune sempre a seguito di segnalazioni dell\u2019utenza. Tutto ci\u00f2 dimostra una sofferenza del Servizio e del personale che purtroppo gestisce un numero enorme di fascicoli. Anche su questo sono sempre rimasto in silenzio per evitare qualsiasi strumentalizzazione.<br>Sono e rimango a disposizione del sindaco, delle commissioni comunali e regionali per mettere a disposizione quanto di mia conoscenza per migliorare i servizi a tutela dei bambini. Non \u00e8 mia responsabilit\u00e0 intervenire se non attraverso l\u2019unico strumento a disposizione del garante: le segnalazioni agli organi competenti.<br>Non accetto alcuna insinuazione circa il mio operato perch\u00e9 quanto dichiarato \u00e8 supportato dalla necessaria documentazione.<br>Duole ancora apprendere, proprio in questi giorni, dallo stimatissimo presidente dell\u2019Associazione Arcigay di Messina, Rosario Duca, che alla sua specifica richiesta al Coordinatore dei Tavoli tematici della legge 328 del Comune circa l\u2019assenza del garante dell\u2019infanzia, soprattutto al tavolo \u201cTutela dell\u2019infanzia\u201d, il responsabile avrebbe dichiarato che la scelta dei partecipanti spetta all\u2019assessore.<br>Ho appreso gi\u00e0 in data 14 settembre dell\u2019avvio di questi tavoli da un&#8217;associazione, con la quale collaboro regolarmente, e nei giorni successivi da numerosi operatori che mi chiedevano perch\u00e9 il garante dell\u2019infanzia non fosse stato coinvolto. Ho sempre risposto che non avevo mai ricevuto invito a presenziare e che sarei sempre stato disponibile.<br>Ricordo per\u00f2 al responsabile dei tavoli tematici e all\u2019assessore che l\u2019Ufficio del garante \u00e8 una Istituzione del Comune di Messina e che al pari, e forse pi\u00f9 di altre, ha titolo per sedere ai tavoli che riguardano la tutela dei minori. Anche su questo ho fatto silenzio.<br>Altro potrei riferire ma tanto basta per rappresentare le difficolt\u00e0 di lavoro dell\u2019Ufficio che ho l\u2019onore di presiedere. Sono abituato a lavorare in silenzio e con dedizione mettendo a disposizione gratuitamente, sino a quando mi sar\u00e0 possibile, le mie competenze a servizio della tutela dei minori.<br>Tutto il resto appartiene a dinamiche che non mi appassionano, che non accetto e che non accetter\u00f2 mai.<br>Non sono mai stato iscritto ad alcun partito politico, non ho mai svolto campagna elettorale per nessun candidato politico ed ho partecipato alla selezione pubblica per ricoprire il ruolo di Garante selezionato solo su curriculum. Al momento della mia nomina non conoscevo personalmente alcun consigliere comunale. Non accetto alcuna insinuazione dall\u2019assessore Calafiore circa la mia imparzialit\u00e0. Temo piuttosto che le mie segnalazioni di questi anni abbiano infastidito l\u2019assessore spingendola non solo ad escludere il Garante dell\u2019Infanzia dai tavoli istituzionali ma ad impedirgli gia\u2019 nel luglio del 2020 la concessione del mio sostegno ad una associazione,con l\u2019utilizzo della partita iva del Comune, per la partecipazione ad un bando pubblico per il reperimento di finanziamenti a favore dei minori.<br>Se avessi voluto strumentalizzare il mio ruolo avrei reso pubblico anche il parere del Segretario generale, che ho richiesto in merito a questa vicenda, e che ha chiarito le competenze del Garante e dell\u2019assessorato. Parere trasmesso dal Segretario anche all\u2019 Autorit\u00e0 garante nazionale che avevo interessato del caso.<br>Tutto quanto affermo e\u2019 documentabile in ogni sede.<br>Alla luce delle dichiarazioni dell\u2019assessore Calafiore che ritengo offensive sar\u00e0 mia cura trasmettere alle Autorit\u00e0 competenti quanto a mia conoscenza per difendere la mia azione istituzionale e la mia immagine.<br>Sono e resto disponibile con tutti, soprattutto con l\u2019utenza, e rispettoso delle Istituzioni che rappresentano lo Stato ma ne\u2019 l\u2019assessore Calafiore ne\u2019 alcun consigliere comunale potr\u00e0 influenzare la mia azione Istituzionale per come ritengo di aver dimostrato in questi anni.<br>Tanto \u00e8 dovuto a chiarimento&#8221;.<div id=\"videoincontent\" style=\"clear:both\";><\/div><\/p>\n","protected":false},"excerpt":{"rendered":"<p>Dura presa di posizione di Angelo Costantino,garante dell\u2019infanzia e dell\u2019adolescenza del Comune di Messina sul sistema degli affidamenti familiari. &#8220;Per rispetto del mio ruolo istituzionale ho sempre evitato di essere trascinato in polemiche politiche sterili che spesso nulla hanno a che vedere con la tutela dei minori.Alla luce, per\u00f2, di alcune dichiarazioni e\/o di sottili [&hellip;]<\/p>\n","protected":false},"author":4,"featured_media":89726,"comment_status":"open","ping_status":"open","sticky":false,"template":"","format":"standard","meta":{"ub_ctt_via":"","_mi_skip_tracking":false},"categories":[6],"tags":[3630],"featured_image_src":"https:\/\/www.messinaoggi.it\/website\/wp-content\/uploads\/2021\/12\/IMG-20211205-WA0010.jpg","author_info":{"display_name":"redme","author_link":"https:\/\/www.messinaoggi.it\/website\/author\/redme\/"},"digistream_id":0,"digistream":false,"_links":{"self":[{"href":"https:\/\/www.messinaoggi.it\/website\/wp-json\/wp\/v2\/posts\/89722"}],"collection":[{"href":"https:\/\/www.messinaoggi.it\/website\/wp-json\/wp\/v2\/posts"}],"about":[{"href":"https:\/\/www.messinaoggi.it\/website\/wp-json\/wp\/v2\/types\/post"}],"author":[{"embeddable":true,"href":"https:\/\/www.messinaoggi.it\/website\/wp-json\/wp\/v2\/users\/4"}],"replies":[{"embeddable":true,"href":"https:\/\/www.messinaoggi.it\/website\/wp-json\/wp\/v2\/comments?post=89722"}],"version-history":[{"count":1,"href":"https:\/\/www.messinaoggi.it\/website\/wp-json\/wp\/v2\/posts\/89722\/revisions"}],"predecessor-version":[{"id":89727,"href":"https:\/\/www.messinaoggi.it\/website\/wp-json\/wp\/v2\/posts\/89722\/revisions\/89727"}],"wp:featuredmedia":[{"embeddable":true,"href":"https:\/\/www.messinaoggi.it\/website\/wp-json\/wp\/v2\/media\/89726"}],"wp:attachment":[{"href":"https:\/\/www.messinaoggi.it\/website\/wp-json\/wp\/v2\/media?parent=89722"}],"wp:term":[{"taxonomy":"category","embeddable":true,"href":"https:\/\/www.messinaoggi.it\/website\/wp-json\/wp\/v2\/categories?post=89722"},{"taxonomy":"post_tag","embeddable":true,"href":"https:\/\/www.messinaoggi.it\/website\/wp-json\/wp\/v2\/tags?post=89722"}],"curies":[{"name":"wp","href":"https:\/\/api.w.org\/{rel}","templated":true}]}}