{"id":89678,"date":"2021-12-05T14:45:54","date_gmt":"2021-12-05T13:45:54","guid":{"rendered":"http:\/\/www.messinaoggi.it\/website\/?p=89678"},"modified":"2021-12-05T14:46:04","modified_gmt":"2021-12-05T13:46:04","slug":"asm-da-domani-green-pass-sui-bus-per-gli-over-12","status":"publish","type":"post","link":"https:\/\/www.messinaoggi.it\/website\/2021\/12\/05\/asm-da-domani-green-pass-sui-bus-per-gli-over-12\/","title":{"rendered":"Asm: &#8220;Da domani Green pass sui bus per gli Over 12&#8221;"},"content":{"rendered":"\n<p>Asm ricorda che da domani sar\u00e0 necessario, a partire da quanti hanno compiuto 12 anni, cos\u00ec come in tutta Italia, il Green pass per poter usufruire del servizio bus. \u00c8 questo l&#8217;effetto della stretta sulle certificazioni Covid che saranno necessarie anche in altre situazioni della vita quotidiana.<div id=\"div-gpt-ad-Messinaoggi.it-DSK-300x250-corpoart\" style=\"text-align:center;margin:0 auto;\"><\/div><\/p>\n\n\n\n<p>Entra in vigore l\u2019obbligo del certificato verde per l&#8217;utenza over 12 che utilizza, appunto, i mezzi pubblici. \u00c8 quanto previsto dal decreto che avr\u00e0 effetto a partire da domani. Il tutto, com&#8217;\u00e8 noto \u00e8 arrivato al termine di una riunione tra i vertici di ministero dell\u2019Interno e ministero dei Trasporti. Quanti non esibiranno, dunque, il Green pass non potranno accedere ai mezzi di Asm che effettuano servizio sul territorio.<div id=\"videoincontent\" style=\"clear:both\";><\/div><\/p>\n","protected":false},"excerpt":{"rendered":"<p>Asm ricorda che da domani sar\u00e0 necessario, a partire da quanti hanno compiuto 12 anni, cos\u00ec come in tutta Italia, il Green pass per poter usufruire del servizio bus. \u00c8 questo l&#8217;effetto della stretta sulle certificazioni Covid che saranno necessarie anche in altre situazioni della vita quotidiana. Entra in vigore l\u2019obbligo del certificato verde per [&hellip;]<\/p>\n","protected":false},"author":4,"featured_media":89679,"comment_status":"open","ping_status":"open","sticky":false,"template":"","format":"standard","meta":{"ub_ctt_via":"","_mi_skip_tracking":false},"categories":[3],"tags":[639,73],"featured_image_src":"https:\/\/www.messinaoggi.it\/website\/wp-content\/uploads\/2021\/12\/IMG-20211205-WA0002.jpg","author_info":{"display_name":"redme","author_link":"https:\/\/www.messinaoggi.it\/website\/author\/redme\/"},"digistream_id":0,"digistream":false,"_links":{"self":[{"href":"https:\/\/www.messinaoggi.it\/website\/wp-json\/wp\/v2\/posts\/89678"}],"collection":[{"href":"https:\/\/www.messinaoggi.it\/website\/wp-json\/wp\/v2\/posts"}],"about":[{"href":"https:\/\/www.messinaoggi.it\/website\/wp-json\/wp\/v2\/types\/post"}],"author":[{"embeddable":true,"href":"https:\/\/www.messinaoggi.it\/website\/wp-json\/wp\/v2\/users\/4"}],"replies":[{"embeddable":true,"href":"https:\/\/www.messinaoggi.it\/website\/wp-json\/wp\/v2\/comments?post=89678"}],"version-history":[{"count":1,"href":"https:\/\/www.messinaoggi.it\/website\/wp-json\/wp\/v2\/posts\/89678\/revisions"}],"predecessor-version":[{"id":89680,"href":"https:\/\/www.messinaoggi.it\/website\/wp-json\/wp\/v2\/posts\/89678\/revisions\/89680"}],"wp:featuredmedia":[{"embeddable":true,"href":"https:\/\/www.messinaoggi.it\/website\/wp-json\/wp\/v2\/media\/89679"}],"wp:attachment":[{"href":"https:\/\/www.messinaoggi.it\/website\/wp-json\/wp\/v2\/media?parent=89678"}],"wp:term":[{"taxonomy":"category","embeddable":true,"href":"https:\/\/www.messinaoggi.it\/website\/wp-json\/wp\/v2\/categories?post=89678"},{"taxonomy":"post_tag","embeddable":true,"href":"https:\/\/www.messinaoggi.it\/website\/wp-json\/wp\/v2\/tags?post=89678"}],"curies":[{"name":"wp","href":"https:\/\/api.w.org\/{rel}","templated":true}]}}