{"id":8959,"date":"2017-10-04T09:00:13","date_gmt":"2017-10-04T07:00:13","guid":{"rendered":"http:\/\/www.messinaoggi.it\/website\/?p=8959"},"modified":"2017-10-04T09:00:13","modified_gmt":"2017-10-04T07:00:13","slug":"torna-sabirfest-la-kermesse-culturale-dedicata-ai-diritti-umani","status":"publish","type":"post","link":"https:\/\/www.messinaoggi.it\/website\/2017\/10\/04\/torna-sabirfest-la-kermesse-culturale-dedicata-ai-diritti-umani\/","title":{"rendered":"Torna SabirFest, la kermesse culturale dedicata ai diritti umani"},"content":{"rendered":"<p style=\"text-align: justify\">Manca solo un giorno all\u2019inaugurazione della IV\u00b0 edizione di SabirFest, cultura e cittadinanza mediterranea, che si svolger\u00e0 a partire da domani fino a domenica e che quest\u2019anno oltre ad abbracciare Messina a Catania\u00a0 far\u00e0 tappa anche a Reggio Calabria.<div id=\"div-gpt-ad-Messinaoggi.it-DSK-300x250-corpoart\" style=\"text-align:center;margin:0 auto;\"><\/div><\/p>\n<p style=\"text-align: justify\">Domani, alle ore \u00a021.30, nell\u2019incantevole scenario del Monte di Piet\u00e0 di Messina avr\u00e0 luogo la proiezione di Doppio legame di Maria Piera Regoli e Salvatore Zinna, anche interprete, con la regia di Federico Magnano San Lio, della compagnia catanese Retablo, attiva sin dal 1989. Una testimonianza sorprendente costruita sui verbali del maxi processo alla mafia istruito nel 1986 da Giovanni Falcone. La pellicola racconta la \u00a0storia tragicomica di Enzuccio, pentito privo di credibilit\u00e0 e uomo che non conta nulla; piccolo, diseredato, brutto, cattivo, che rappresenta la sua paradossale ricerca di giustizia e dignit\u00e0 in un mondo dove \u201cessere qualcuno equivale a mentre essere nessuno equivale a non essere\u201d.<div id=\"videoincontent\" style=\"clear:both\";><\/div><\/p>\n<p><img loading=\"lazy\" class=\"alignnone wp-image-8960\" src=\"http:\/\/www.messinaoggi.it\/website\/wp-content\/uploads\/2017\/10\/foto-diala-Brisly-300x296.jpg\" alt=\"\" width=\"378\" height=\"373\" \/><\/p>\n<p style=\"text-align: justify\">Alle ore \u00a023.00, alla Galleria Vittorio Emanuele, il pugliese Ippolito Chiarello proporr\u00e0 invece per il Barbonaggio Teatrale \u201cFanculopensier\u2019off\u201d, performance urbana estemporanea di e con Ippolito Chiarello, produzione Nasca Teatri di Terra, che sar\u00e0 replicato a Reggio Calabria sabato\u00a0 \u00a0alle ore 19.00 in piazza Camagna.<\/p>\n<p style=\"text-align: justify\">Venerd\u00ec \u00a0Chiarello proporr\u00e0 invece la versione teatrale di Fanculopensiero \u2013 Stanza 510, liberamente ispirato all\u2019omonimo romanzo\u00a0 di Maksim Cristan, diretto da Simona Gonella.\u00a0 Lo spettacolo \u00a0nasce dal forte desiderio di parlare del disagio cui spesso ci si trova a far fronte quando ci sembra di aver perso la capacit\u00e0 di distinguere ci\u00f2 che realmente si desidera essere e si vuole fare da ci\u00f2 che, in qualche modo, si fa perch\u00e9 imposto o perch\u00e9 conseguenza di una incapacit\u00e0 di dire i no giusti al momento giusto.<\/p>\n<p style=\"text-align: justify\">Sabato sar\u00e0 la volta del regista trapanese Gaspare Balsamo che \u00a0proporr\u00e0 \u2018U Ciclopu, Giuf\u00e0 e Firrazzanu. Balsamo torna a Messina con uno spettacolo di cunto liberamente ispirato al libro IX dell\u2019Odissea, a cui intreccia, attraverso una drammaturgia originale scritta e orale, alcuni racconti tipici della narrazione siciliana per un percorso avvincente tra mito e storia, che sar\u00e0 proposto a Catania gioved\u00ec 5, alle 21 a palazzo Platamone e venerd\u00ec 6 ottobre, a Reggio Calabria, alle 21 al Museo Diocesano Monsignor Sterrantino.<\/p>\n<p><img loading=\"lazy\" class=\"alignnone wp-image-8963\" src=\"http:\/\/www.messinaoggi.it\/website\/wp-content\/uploads\/2017\/10\/Italianesi_Saverio-La-Ruina-300x159.jpg\" alt=\"\" width=\"440\" height=\"233\" \/><\/p>\n<p style=\"text-align: justify\">Domenica, invece, sar\u00e0 la volta del premio Ubu Saverio La Ruina, il drammaturgo calabrese, fondatore insieme a Dario De Luca della compagnia Scena Verticale di Castrovillari, propone Italianesi. Si tratta di un intenso monologo che indaga la condizione di estraneit\u00e0 degli italiani, migliaia tra soldati e civili che, alla fine della seconda guerra mondiale, rimangono intrappolati in Albania con l\u2019avvento del regime dittatoriale, costretti a vivere in un clima di terrore e oggetto di periodiche e violente persecuzioni. Una delle tante pagine della \u201cpiccola\u201d storia, quasi dimenticata nel fluire degli eventi della \u201cgrande\u201d storia, raccontata dal punto di vista di un uomo che vi nasce nel 1951 e vive quarant\u2019anni nel mito del padre e dell\u2019Italia che raggiunge nel 1991 a seguito della caduta del regime.<\/p>\n<p style=\"text-align: justify\">Saverio La Ruina sar\u00e0 anche tra gli ospiti dell\u2019incontro \u201cNel paese blindato. Storie di italiani nell\u2019Albania comunista\u201d, domenica alle ore 18.00, in collaborazione con il Dipartimento Dicam dell\u2019ateneo peloritano, della Rete Latitudini e di Scena Verticale, della presentazione del libro di Aldo Terrusi \u201cIl mio magone albanese\u201d, presente insieme a Mauro Geraci, Ageta Hilaj.<\/p>\n<p style=\"text-align: justify\">Anche in quest\u2019edizione sono presenti i\u00a0 temi storici\u00a0 della kermesse come conoscenza, libert\u00e0, solidariet\u00e0, diritti, le parole chiave, per abbattere barriere e muri, che in questi giorni\u00a0 sono stati affrontati dall\u2019artista siriana Diala Brisly di fronte alla platea di studenti del liceo artistico \u201cErnesto Basile\u201d di Messina; mentre da gioved\u00ec fino al termine dell\u2019evento l\u2019artista sar\u00e0 impegnata \u00a0con gli studenti delle scuole catanesi nella realizzazione di un murales, atto creativo per abbattere i muri. Perch\u00e9 l\u2019arte e la cultura sono gli unici mezzi a nostra disposizione per sconfiggere ogni forma di razzismo.<\/p>\n<p> <\/p>\n","protected":false},"excerpt":{"rendered":"<p>Manca solo un giorno all\u2019inaugurazione della IV\u00b0 edizione di SabirFest, cultura e cittadinanza mediterranea, che si svolger\u00e0 a partire da domani fino a domenica e che quest\u2019anno oltre ad abbracciare Messina a Catania\u00a0 far\u00e0 tappa anche a Reggio Calabria. Domani, alle ore \u00a021.30, nell\u2019incantevole scenario del Monte di Piet\u00e0 di Messina avr\u00e0 luogo la proiezione [&hellip;]<\/p>\n","protected":false},"author":5,"featured_media":8961,"comment_status":"closed","ping_status":"open","sticky":false,"template":"","format":"standard","meta":{"ub_ctt_via":"","_mi_skip_tracking":false},"categories":[16],"tags":[],"featured_image_src":"https:\/\/www.messinaoggi.it\/website\/wp-content\/uploads\/2017\/10\/Gaspare-Blasamo-U-Ciclopu-Giufa-e-Firrazzanu-2.jpg","author_info":{"display_name":"Maria Antonella Saia","author_link":"https:\/\/www.messinaoggi.it\/website\/author\/m-saia\/"},"digistream_id":0,"digistream":false,"_links":{"self":[{"href":"https:\/\/www.messinaoggi.it\/website\/wp-json\/wp\/v2\/posts\/8959"}],"collection":[{"href":"https:\/\/www.messinaoggi.it\/website\/wp-json\/wp\/v2\/posts"}],"about":[{"href":"https:\/\/www.messinaoggi.it\/website\/wp-json\/wp\/v2\/types\/post"}],"author":[{"embeddable":true,"href":"https:\/\/www.messinaoggi.it\/website\/wp-json\/wp\/v2\/users\/5"}],"replies":[{"embeddable":true,"href":"https:\/\/www.messinaoggi.it\/website\/wp-json\/wp\/v2\/comments?post=8959"}],"version-history":[{"count":0,"href":"https:\/\/www.messinaoggi.it\/website\/wp-json\/wp\/v2\/posts\/8959\/revisions"}],"wp:featuredmedia":[{"embeddable":true,"href":"https:\/\/www.messinaoggi.it\/website\/wp-json\/wp\/v2\/media\/8961"}],"wp:attachment":[{"href":"https:\/\/www.messinaoggi.it\/website\/wp-json\/wp\/v2\/media?parent=8959"}],"wp:term":[{"taxonomy":"category","embeddable":true,"href":"https:\/\/www.messinaoggi.it\/website\/wp-json\/wp\/v2\/categories?post=8959"},{"taxonomy":"post_tag","embeddable":true,"href":"https:\/\/www.messinaoggi.it\/website\/wp-json\/wp\/v2\/tags?post=8959"}],"curies":[{"name":"wp","href":"https:\/\/api.w.org\/{rel}","templated":true}]}}