{"id":8955,"date":"2017-10-04T12:00:08","date_gmt":"2017-10-04T10:00:08","guid":{"rendered":"http:\/\/www.messinaoggi.it\/website\/?p=8955"},"modified":"2017-10-04T12:00:08","modified_gmt":"2017-10-04T10:00:08","slug":"polimeni-liberalizzare-parcheggi-e-modificare-marciapiede-nei-pressi-della-rotonda-arena","status":"publish","type":"post","link":"https:\/\/www.messinaoggi.it\/website\/2017\/10\/04\/polimeni-liberalizzare-parcheggi-e-modificare-marciapiede-nei-pressi-della-rotonda-arena\/","title":{"rendered":"Polimeni: &#039;Liberalizzare parcheggi e modificare marciapiede nei pressi della Rotonda Arena&#039;"},"content":{"rendered":"<p style=\"text-align: justify\"><span style=\"font-family: Arial, sans-serif\">&#8220;Si spera che in tempi rapidi l&#8217;amministrazione comunale possa analizzare ed attuare le nostre proposte&#8221;. \u00c8 quanto afferma Orazio Polimeni, presidente del comitato <em>Insieme per la Panoramica<\/em>, in riferimento alla liberalizzazione dei parcheggi e la modifica di un marciapiede nei pressi della Rotonda Arena (Annunziata). <\/span><div id=\"div-gpt-ad-Messinaoggi.it-DSK-300x250-corpoart\" style=\"text-align:center;margin:0 auto;\"><\/div><\/p>\n<p style=\"text-align: justify\"><span style=\"font-family: Arial, sans-serif\">&#8220;Con l&#8217;approssimarsi della ricollocazione del cordolo spartitraffico sulla parte iniziale della strada panoramica dello stretto, &#8211; spiega Polimeni &#8211; in prossimit\u00e0 della Rotonda Arena (Annunziata), il comitato <i>Insieme per la panoramica<\/i>, presieduto dal sottoscritto, propone:<\/span><div id=\"videoincontent\" style=\"clear:both\";><\/div><\/p>\n<p style=\"text-align: justify\"><span style=\"font-family: Arial, sans-serif\">1) La liberalizzazione dei parcheggi siti sul viale Annunziata, nelle vicinanze della rotonda Arena, che ad oggi dalle ore 15.30 alle ore 20.30 sono soggette a tariffa (0,50\/1,00 Euro). Da un&#8217;analisi del territorio e dal futuro riposizionamento del cordolo, risulta che i parcheggi sono pochissimi per soddisfare la richiesta. In zona vi sono numerose attivit\u00e0 commerciali le quali hanno il diritto di poter ricevere i clienti, che nelle ore pomeridiane sono costretti a pagare la sosta pur solo per 10 minuti, il tempo di un semplicissimo acquisto. Pertanto \u00e8 necessario, al fine di non mortificare ancor di pi\u00f9 il lavoro delle attivit\u00e0, liberalizzare i parcheggi nella zona in questione.<\/span><\/p>\n<p style=\"text-align: justify\"><span style=\"font-family: Arial, sans-serif\">2) Creare nel marciapiedi, che accompagna la rotonda Arena sulla destra immettendosi dalla Panoramica\u00a0nel torrente Annunziata, un passaggio per i mezzi, cosi da poter sfruttare un canale pi\u00f9 fluido di immissione dei mezzi nella via del Fante ed avere una circolazione veicolare pi\u00f9 scorrevole&#8221;.<\/span><\/p>\n<p><img loading=\"lazy\" class=\"alignnone size-medium wp-image-8956\" src=\"http:\/\/www.messinaoggi.it\/website\/wp-content\/uploads\/2017\/10\/marciapiede-rotonda-arena-annunziata-300x234.jpg\" alt=\"\" width=\"300\" height=\"234\" \/><\/p>\n","protected":false},"excerpt":{"rendered":"<p>&#8220;Si spera che in tempi rapidi l&#8217;amministrazione comunale possa analizzare ed attuare le nostre proposte&#8221;. \u00c8 quanto afferma Orazio Polimeni, presidente del comitato Insieme per la Panoramica, in riferimento alla liberalizzazione dei parcheggi e la modifica di un marciapiede nei pressi della Rotonda Arena (Annunziata). &#8220;Con l&#8217;approssimarsi della ricollocazione del cordolo spartitraffico sulla parte iniziale [&hellip;]<\/p>\n","protected":false},"author":8,"featured_media":8958,"comment_status":"closed","ping_status":"open","sticky":false,"template":"","format":"standard","meta":{"ub_ctt_via":"","_mi_skip_tracking":false},"categories":[5],"tags":[],"featured_image_src":"https:\/\/www.messinaoggi.it\/website\/wp-content\/uploads\/2017\/10\/parcheggi-rotonda-arena-annunziata-2.jpg","author_info":{"display_name":"red..me","author_link":"https:\/\/www.messinaoggi.it\/website\/author\/redstage\/"},"digistream_id":0,"digistream":false,"_links":{"self":[{"href":"https:\/\/www.messinaoggi.it\/website\/wp-json\/wp\/v2\/posts\/8955"}],"collection":[{"href":"https:\/\/www.messinaoggi.it\/website\/wp-json\/wp\/v2\/posts"}],"about":[{"href":"https:\/\/www.messinaoggi.it\/website\/wp-json\/wp\/v2\/types\/post"}],"author":[{"embeddable":true,"href":"https:\/\/www.messinaoggi.it\/website\/wp-json\/wp\/v2\/users\/8"}],"replies":[{"embeddable":true,"href":"https:\/\/www.messinaoggi.it\/website\/wp-json\/wp\/v2\/comments?post=8955"}],"version-history":[{"count":0,"href":"https:\/\/www.messinaoggi.it\/website\/wp-json\/wp\/v2\/posts\/8955\/revisions"}],"wp:featuredmedia":[{"embeddable":true,"href":"https:\/\/www.messinaoggi.it\/website\/wp-json\/wp\/v2\/media\/8958"}],"wp:attachment":[{"href":"https:\/\/www.messinaoggi.it\/website\/wp-json\/wp\/v2\/media?parent=8955"}],"wp:term":[{"taxonomy":"category","embeddable":true,"href":"https:\/\/www.messinaoggi.it\/website\/wp-json\/wp\/v2\/categories?post=8955"},{"taxonomy":"post_tag","embeddable":true,"href":"https:\/\/www.messinaoggi.it\/website\/wp-json\/wp\/v2\/tags?post=8955"}],"curies":[{"name":"wp","href":"https:\/\/api.w.org\/{rel}","templated":true}]}}