{"id":8951,"date":"2017-10-04T10:30:28","date_gmt":"2017-10-04T08:30:28","guid":{"rendered":"http:\/\/www.messinaoggi.it\/website\/?p=8951"},"modified":"2017-10-04T10:30:28","modified_gmt":"2017-10-04T08:30:28","slug":"federico-ranieri-scende-in-campo-micciche-e-unimportante-risorsa-per-forza-italia","status":"publish","type":"post","link":"https:\/\/www.messinaoggi.it\/website\/2017\/10\/04\/federico-ranieri-scende-in-campo-micciche-e-unimportante-risorsa-per-forza-italia\/","title":{"rendered":"Federico Ranieri scende in campo. Miccich\u00e8: &#039;\u00c8 un&#039;importante risorsa per Forza Italia&#039;"},"content":{"rendered":"<p style=\"text-align: justify\"><span style=\"color: #000000\"><span style=\"font-family: Arial, sans-serif\"><span style=\"font-size: medium\">&#8220;Federico Raineri \u00e8 una risorsa importante per Forza Italia, la sua attivit\u00e0 sul territorio in questi anni nel ruolo di Coordinatore provinciale dei Giovani azzurri \u00e8 stata preziosissima. Sono certo che sapr\u00e0 intestarsi al meglio le istanze dei tanti giovani siciliani che si rivedono nel nostro progetto di rilancio dell&#8217;Isola&#8221;. Cos\u00ec Gianfranco Miccich\u00e8, commissario di Forza Italia in Sicilia, ha commentato la scesa in campo in occasione delle prossime regionali del ventiseienne Federico Ranieri, Coordinatore dei Giovani di Forza Italia Messina.<\/span><\/span><\/span><div id=\"div-gpt-ad-Messinaoggi.it-DSK-300x250-corpoart\" style=\"text-align:center;margin:0 auto;\"><\/div><\/p>\n<div id=\"videoincontent\" style=\"clear:both\";><\/div>","protected":false},"excerpt":{"rendered":"<p>&#8220;Federico Raineri \u00e8 una risorsa importante per Forza Italia, la sua attivit\u00e0 sul territorio in questi anni nel ruolo di Coordinatore provinciale dei Giovani azzurri \u00e8 stata preziosissima. Sono certo che sapr\u00e0 intestarsi al meglio le istanze dei tanti giovani siciliani che si rivedono nel nostro progetto di rilancio dell&#8217;Isola&#8221;. Cos\u00ec Gianfranco Miccich\u00e8, commissario di [&hellip;]<\/p>\n","protected":false},"author":8,"featured_media":3890,"comment_status":"closed","ping_status":"open","sticky":false,"template":"","format":"standard","meta":{"ub_ctt_via":"","_mi_skip_tracking":false},"categories":[11],"tags":[],"featured_image_src":"https:\/\/www.messinaoggi.it\/website\/wp-content\/uploads\/2017\/07\/micciche-2.jpg","author_info":{"display_name":"red..me","author_link":"https:\/\/www.messinaoggi.it\/website\/author\/redstage\/"},"digistream_id":0,"digistream":false,"_links":{"self":[{"href":"https:\/\/www.messinaoggi.it\/website\/wp-json\/wp\/v2\/posts\/8951"}],"collection":[{"href":"https:\/\/www.messinaoggi.it\/website\/wp-json\/wp\/v2\/posts"}],"about":[{"href":"https:\/\/www.messinaoggi.it\/website\/wp-json\/wp\/v2\/types\/post"}],"author":[{"embeddable":true,"href":"https:\/\/www.messinaoggi.it\/website\/wp-json\/wp\/v2\/users\/8"}],"replies":[{"embeddable":true,"href":"https:\/\/www.messinaoggi.it\/website\/wp-json\/wp\/v2\/comments?post=8951"}],"version-history":[{"count":0,"href":"https:\/\/www.messinaoggi.it\/website\/wp-json\/wp\/v2\/posts\/8951\/revisions"}],"wp:featuredmedia":[{"embeddable":true,"href":"https:\/\/www.messinaoggi.it\/website\/wp-json\/wp\/v2\/media\/3890"}],"wp:attachment":[{"href":"https:\/\/www.messinaoggi.it\/website\/wp-json\/wp\/v2\/media?parent=8951"}],"wp:term":[{"taxonomy":"category","embeddable":true,"href":"https:\/\/www.messinaoggi.it\/website\/wp-json\/wp\/v2\/categories?post=8951"},{"taxonomy":"post_tag","embeddable":true,"href":"https:\/\/www.messinaoggi.it\/website\/wp-json\/wp\/v2\/tags?post=8951"}],"curies":[{"name":"wp","href":"https:\/\/api.w.org\/{rel}","templated":true}]}}