{"id":89489,"date":"2021-12-03T14:07:39","date_gmt":"2021-12-03T13:07:39","guid":{"rendered":"https:\/\/www.messinaoggi.it\/website\/2021\/12\/03\/inzaghi-contro-la-roma-servira-una-gara-da-vera-inter\/"},"modified":"2021-12-03T14:07:39","modified_gmt":"2021-12-03T13:07:39","slug":"inzaghi-contro-la-roma-servira-una-gara-da-vera-inter","status":"publish","type":"post","link":"https:\/\/www.messinaoggi.it\/website\/2021\/12\/03\/inzaghi-contro-la-roma-servira-una-gara-da-vera-inter\/","title":{"rendered":"Inzaghi \u201cContro la Roma servir\u00e0 una gara da vera Inter\u201d"},"content":{"rendered":"<div>MILANO (ITALPRESS) &#8211; &#8220;Quella di domani \u00e8 la partita pi\u00f9 importante di questo periodo, contro una squadra forte: dovremo fare una gara molto attenta e da vera Inter&#8221;. A parlare, alla vigilia dell&#8217;anticipo di campionato contro la Roma, \u00e8 il tecnico nerazzurro, Simone Inzaghi. &#8220;Lautaro? Deve continuare cos\u00ec, \u00e8 ancora giovane e pu\u00f2 migliorare ancora molto &#8211; sottolinea in conferenza stampa &#8211; Sono soddisfatto di lui e di tutti gli altri attaccanti della rosa, \u00e8 tre partite di seguito che segna, speriamo possa continuare cos\u00ec&#8221;. Domani sulla panchina avversaria ci sar\u00e0 Mourinho: &#8220;Sar\u00e0 un piacere incontrare l&#8217;allenatore del Triplete, non l&#8217;ho mai incontrato e conosciuto. Per lui sar\u00e0 una partita speciale, dovremo fare ancora pi\u00f9 attenzione per le capacit\u00e0 di questo allenatore, che ha fatto bene in tutti i club in cui \u00e8 stato&#8221;. Circa la squadra, Inzaghi annuncia che &#8220;non ci saranno Ranocchia e Darmian, ci sono pochissime possibilit\u00e0 per de Vrij e Kolarov, poi dovr\u00f2 valutare Bastoni, che ieri era sfebbrato e oggi sembra stia meglio&#8221;. &#8220;In questo momento abbiamo recuperato terreno perch\u00e8 abbiamo ritrovato continuit\u00e0, le prestazioni ci sono sempre state &#8211; ha proseguito Inzaghi &#8211; Siamo in un buon momento, creiamo tanto e siamo il miglior attacco, ma quello che conta oggi \u00e8 solo la Roma, troveremo un avversario arrabbiato e di qualit\u00e0&#8221;. Tornare a Roma, per l&#8217;ex coach biancoceleste, &#8220;fa sempre effetto ma ormai sono calato al cento per cento nella realt\u00e0 Inter. Bisogner\u00e0 fare una gara di personalit\u00e0, all&#8217;Olimpico bisogna sempre averne. Dzeko? Sar\u00e0 una partita speciale per lui come per tutti gli altri&#8221;. &#8220;Vincere il titolo d&#8217;inverno? Sappiamo che conta fino a un certo punto, anche quando avevamo un distacco maggiore ero sereno perch\u00e8 vedevo giocare la squadra bene e si allenavano tutti come chiediamo &#8211; aggiunge l&#8217;allenatore dell&#8217;Inter &#8211; Ora la classifica si \u00e8 accorciata, nelle ultime dieci gare abbiamo fatto otto vittorie e due pari. Ci siamo avvicinati, ma tutte corrono. Ragioniamo gara per gara, domani \u00e8 la sedicesima e ne mancano 23 alla fine&#8221;. &#8220;Giocando ogni due-tre giorni non \u00e8 semplice. Bisognerebbe guardare con pi\u00f9 attenzione i calendari, magari iniziare prima il campionato o mettere insieme pi\u00f9 gare delle nazionali in un altro periodo. Noi allenatori dobbiamo adeguarci e lo stiamo facendo&#8221;, conclude Inzaghi, commentando un calendario sempre pi\u00f9 ricco di impegni che lascia strascichi sui giocatori.<br \/>(ITALPRESS).<\/div>\n<div id=\"div-gpt-ad-Messinaoggi.it-DSK-300x250-corpoart\" style=\"text-align:center;margin:0 auto;\"><\/div><\/p><div id=\"videoincontent\" style=\"clear:both\";><\/div>","protected":false},"excerpt":{"rendered":"<p>MILANO (ITALPRESS) &#8211; &#8220;Quella di domani \u00e8 la partita pi\u00f9 importante di questo periodo, contro una squadra forte: dovremo fare una gara molto attenta e da vera Inter&#8221;. A parlare, alla vigilia dell&#8217;anticipo di campionato contro la Roma, \u00e8 il tecnico nerazzurro, Simone Inzaghi. &#8220;Lautaro? Deve continuare cos\u00ec, \u00e8 ancora giovane e pu\u00f2 migliorare ancora [&hellip;]<\/p>\n","protected":false},"author":18,"featured_media":89490,"comment_status":"closed","ping_status":"closed","sticky":false,"template":"","format":"standard","meta":{"ub_ctt_via":"","_mi_skip_tracking":false},"categories":[446],"tags":[783],"featured_image_src":"https:\/\/www.messinaoggi.it\/website\/wp-content\/uploads\/2021\/12\/20211203_0597.jpg","author_info":{"display_name":"Admin","author_link":"https:\/\/www.messinaoggi.it\/website\/author\/admin\/"},"digistream_id":0,"digistream":false,"_links":{"self":[{"href":"https:\/\/www.messinaoggi.it\/website\/wp-json\/wp\/v2\/posts\/89489"}],"collection":[{"href":"https:\/\/www.messinaoggi.it\/website\/wp-json\/wp\/v2\/posts"}],"about":[{"href":"https:\/\/www.messinaoggi.it\/website\/wp-json\/wp\/v2\/types\/post"}],"author":[{"embeddable":true,"href":"https:\/\/www.messinaoggi.it\/website\/wp-json\/wp\/v2\/users\/18"}],"replies":[{"embeddable":true,"href":"https:\/\/www.messinaoggi.it\/website\/wp-json\/wp\/v2\/comments?post=89489"}],"version-history":[{"count":0,"href":"https:\/\/www.messinaoggi.it\/website\/wp-json\/wp\/v2\/posts\/89489\/revisions"}],"wp:featuredmedia":[{"embeddable":true,"href":"https:\/\/www.messinaoggi.it\/website\/wp-json\/wp\/v2\/media\/89490"}],"wp:attachment":[{"href":"https:\/\/www.messinaoggi.it\/website\/wp-json\/wp\/v2\/media?parent=89489"}],"wp:term":[{"taxonomy":"category","embeddable":true,"href":"https:\/\/www.messinaoggi.it\/website\/wp-json\/wp\/v2\/categories?post=89489"},{"taxonomy":"post_tag","embeddable":true,"href":"https:\/\/www.messinaoggi.it\/website\/wp-json\/wp\/v2\/tags?post=89489"}],"curies":[{"name":"wp","href":"https:\/\/api.w.org\/{rel}","templated":true}]}}